{"id":209100,"date":"2023-01-16T21:15:50","date_gmt":"2023-01-17T00:15:50","guid":{"rendered":"https:\/\/diarioregionaldigital.com.br\/?p=209100"},"modified":"2023-01-16T21:15:50","modified_gmt":"2023-01-17T00:15:50","slug":"dolar-sobe-para-r-514-em-dia-de-feriado-nos-estados-unidos","status":"publish","type":"post","link":"https:\/\/diarioregionaldigital.com.br\/?p=209100","title":{"rendered":"D\u00f3lar sobe para R$ 5,14 em dia de feriado nos Estados Unidos"},"content":{"rendered":"<p>Em dia de feriado nos Estados Unidos, o mercado financeiro teve um dia tenso, afetado por not\u00edcias no mercado interno. O d\u00f3lar subiu quase 1%, e a bolsa caiu para abaixo dos 110 mil pontos, impactada tanto por not\u00edcias da pol\u00edtica econ\u00f4mica em Bras\u00edlia como pelo esc\u00e2ndalo cont\u00e1bil nas Lojas Americanas.<\/p>\n<p>O d\u00f3lar comercial encerrou esta segunda-feira (16) vendido a R$ 5,149, com alta de R$ 0,042 (+0,83%). A cota\u00e7\u00e3o come\u00e7ou o dia operando pr\u00f3xima da estabilidade, mas acelerou a partir das 15h. Na m\u00e1xima do dia, por volta das 16h10, chegou a R$ 5,16.<\/p>\n<p>Mesmo com a valoriza\u00e7\u00e3o de hoje, a moeda norte-americana cai em 2023. Nos 16 primeiros dias de janeiro, a divisa acumula queda de 2,48%.<\/p>\n<p>No mercado de a\u00e7\u00f5es, o dia foi marcado pelo pessimismo. O \u00edndice Ibovespa, da B3, fechou aos 109.213 pontos, com recuo de 1,54%. O indicador operou em baixa durante toda a sess\u00e3o, acelerando a queda perto do fim do dia.<\/p>\n<p>Sem o referencial do mercado norte-americano, que n\u00e3o abriu hoje, os investidores brasileiros foram impactados por duas not\u00edcias. A primeira foi a confirma\u00e7\u00e3o de que o governo n\u00e3o pretende reverter a desonera\u00e7\u00e3o de 35% para o Imposto sobre Produtos Industrializados (IPI). Hoje de manh\u00e3, o vice-presidente e ministro do Desenvolvimento, Ind\u00fastria, Com\u00e9rcio e Servi\u00e7os, Geraldo Alckmin, afirmou, em evento com empres\u00e1rios, que o governo pretende extinguir o tributo na reforma tribut\u00e1ria que ser\u00e1 retomada ainda neste semestre.<\/p>\n<p>Mais tarde, o ministro da Fazenda, Fernando Haddad, que est\u00e1 em viagem a Davos (Su\u00ed\u00e7a), disse que o governo n\u00e3o incluiu a reonera\u00e7\u00e3o do IPI no\u00a0<a href=\"https:\/\/agenciabrasil.ebc.com.br\/economia\/noticia\/2023-01\/haddad-anuncia-pacote-de-r-2427-bi-para-melhorar-contas-publicas\" target=\"_blank\" rel=\"noopener\">pacote anunciado na semana passada\u00a0<\/a>para sinalizar a inten\u00e7\u00e3o de avan\u00e7ar com a reforma tribut\u00e1ria neste ano.<\/p>\n<p>A medida desagradou ao mercado financeiro porque o fim das desonera\u00e7\u00f5es do IPI teria o potencial de refor\u00e7ar a arrecada\u00e7\u00e3o em cerca de R$ 100 bilh\u00f5es neste ano. O montante compensaria eventuais frustra\u00e7\u00f5es, como a n\u00e3o aprova\u00e7\u00e3o pelo Congresso, de parte das medidas anunciadas na semana passada.<\/p>\n<p>Na bolsa de valores, a crise nas Lojas Americanas voltou a interferir no mercado de a\u00e7\u00f5es. Ap\u00f3s subirem cerca de 20% na sexta-feira (13), os pap\u00e9is da companhia desabaram hoje, caindo 38,41%, ap\u00f3s a divulga\u00e7\u00e3o de que a d\u00edvida da varejista com bancos est\u00e1 em torno de R$ 40 bilh\u00f5es, o dobro do inicialmente anunciado. A Justi\u00e7a do Rio de Janeiro concedeu uma liminar que protege a empresa da cobran\u00e7a de d\u00edvidas por 30 dias, mas o banco de investimentos\u00a0<a href=\"https:\/\/agenciabrasil.ebc.com.br\/economia\/noticia\/2023-01\/btg-apela-contra-liminar-que-protege-americanas-dos-credores\" target=\"_blank\" rel=\"noopener\">BTG recorreu da decis\u00e3o<\/a>.<\/p>\n<p><span style=\"font-weight: 400;\">Fonte: Ag\u00eancia Brasil<\/span><\/p>\n","protected":false},"excerpt":{"rendered":"<p>Em dia de feriado nos Estados Unidos, o mercado financeiro teve um dia tenso, afetado por not\u00edcias no mercado interno. O d\u00f3lar subiu quase 1%, e a bolsa caiu para abaixo dos 110 mil pontos, impactada tanto por not\u00edcias da pol\u00edtica econ\u00f4mica em Bras\u00edlia como pelo esc\u00e2ndalo cont\u00e1bil nas Lojas Americanas. O d\u00f3lar comercial encerrou [&hellip;]<\/p>\n","protected":false},"author":246,"featured_media":209101,"comment_status":"closed","ping_status":"closed","sticky":false,"template":"","format":"standard","meta":{"footnotes":""},"categories":[436,261,439],"tags":[],"class_list":["post-209100","post","type-post","status-publish","format-standard","has-post-thumbnail","hentry","category-destaque-da-semana","category-economia","category-ultima-hora"],"_links":{"self":[{"href":"https:\/\/diarioregionaldigital.com.br\/index.php?rest_route=\/wp\/v2\/posts\/209100","targetHints":{"allow":["GET"]}}],"collection":[{"href":"https:\/\/diarioregionaldigital.com.br\/index.php?rest_route=\/wp\/v2\/posts"}],"about":[{"href":"https:\/\/diarioregionaldigital.com.br\/index.php?rest_route=\/wp\/v2\/types\/post"}],"author":[{"embeddable":true,"href":"https:\/\/diarioregionaldigital.com.br\/index.php?rest_route=\/wp\/v2\/users\/246"}],"replies":[{"embeddable":true,"href":"https:\/\/diarioregionaldigital.com.br\/index.php?rest_route=%2Fwp%2Fv2%2Fcomments&post=209100"}],"version-history":[{"count":1,"href":"https:\/\/diarioregionaldigital.com.br\/index.php?rest_route=\/wp\/v2\/posts\/209100\/revisions"}],"predecessor-version":[{"id":209102,"href":"https:\/\/diarioregionaldigital.com.br\/index.php?rest_route=\/wp\/v2\/posts\/209100\/revisions\/209102"}],"wp:featuredmedia":[{"embeddable":true,"href":"https:\/\/diarioregionaldigital.com.br\/index.php?rest_route=\/wp\/v2\/media\/209101"}],"wp:attachment":[{"href":"https:\/\/diarioregionaldigital.com.br\/index.php?rest_route=%2Fwp%2Fv2%2Fmedia&parent=209100"}],"wp:term":[{"taxonomy":"category","embeddable":true,"href":"https:\/\/diarioregionaldigital.com.br\/index.php?rest_route=%2Fwp%2Fv2%2Fcategories&post=209100"},{"taxonomy":"post_tag","embeddable":true,"href":"https:\/\/diarioregionaldigital.com.br\/index.php?rest_route=%2Fwp%2Fv2%2Ftags&post=209100"}],"curies":[{"name":"wp","href":"https:\/\/api.w.org\/{rel}","templated":true}]}}