{"id":209085,"date":"2023-01-13T16:41:32","date_gmt":"2023-01-13T19:41:32","guid":{"rendered":"https:\/\/diarioregionaldigital.com.br\/?p=209085"},"modified":"2023-01-13T16:41:32","modified_gmt":"2023-01-13T19:41:32","slug":"pcmg-conclui-apuracao-sobre-homicidio-tentado-ocorrido-em-juiz-de-fora","status":"publish","type":"post","link":"https:\/\/diarioregionaldigital.com.br\/?p=209085","title":{"rendered":"PCMG conclui apura\u00e7\u00e3o sobre homic\u00eddio tentado ocorrido em Juiz de Fora"},"content":{"rendered":"<p>A Pol\u00edcia Civil de Minas Gerais (PCMG) concluiu a investiga\u00e7\u00e3o que apurou homic\u00eddio tentado contra um jovem, com 18 anos de idade na \u00e9poca dos fatos, ocorrido no munic\u00edpio de Juiz de Fora, na Zona da Mata mineira, nesta quinta-feira (12\/1). Um investigado &#8211; que, na ocasi\u00e3o, tinha a mesma idade da v\u00edtima &#8211; foi indiciado pela pr\u00e1tica do crime, cometido em outubro de 2020, no bairro Vila Alpina, regi\u00e3o Leste da cidade.<\/p>\n<p>Segundo informa\u00e7\u00f5es do delegado Vitor Fiuza, a v\u00edtima foi atingida com disparos de arma de fogo, quando estava parada no port\u00e3o da casa da namorada dela. &#8220;O crime teria ocorrido em raz\u00e3o de um desentendimento&#8221;, explica.<\/p>\n<p>Os trabalhos investigativos foram realizados pela equipe do N\u00facleo de Acervo Cartor\u00e1rio (NAC), da 1\u00aa Delegacia Regional de Pol\u00edcia Civil em Juiz de Fora, em meio aos trabalhos de intelig\u00eancia e ao uso de novas ferramentas utilizadas nas atividades de investiga\u00e7\u00e3o criminal e pol\u00edcia judici\u00e1ria.<\/p>\n<p>NAC<\/p>\n<p>O N\u00facleo de Acervo Cartor\u00e1rio recebe e trabalha com procedimentos ainda em tramita\u00e7\u00e3o dentro do prazo legal, que n\u00e3o foram apurados \u00e0 \u00e9poca, a serem revistos com novas tecnologias de investiga\u00e7\u00e3o, utilizando-se de recursos modernos com o objetivo de evitar a impunidade e de encaminhar os procedimentos apurat\u00f3rios ao sistema judici\u00e1rio com esclarecimentos de autoria e de materialidade.<\/p>\n","protected":false},"excerpt":{"rendered":"<p>A Pol\u00edcia Civil de Minas Gerais (PCMG) concluiu a investiga\u00e7\u00e3o que apurou homic\u00eddio tentado contra um jovem, com 18 anos de idade na \u00e9poca dos fatos, ocorrido no munic\u00edpio de Juiz de Fora, na Zona da Mata mineira, nesta quinta-feira (12\/1). Um investigado &#8211; que, na ocasi\u00e3o, tinha a mesma idade da v\u00edtima &#8211; foi [&hellip;]<\/p>\n","protected":false},"author":246,"featured_media":209086,"comment_status":"closed","ping_status":"closed","sticky":false,"template":"","format":"standard","meta":{"footnotes":""},"categories":[301,439],"tags":[],"class_list":["post-209085","post","type-post","status-publish","format-standard","has-post-thumbnail","hentry","category-artigos-policiais","category-ultima-hora"],"_links":{"self":[{"href":"https:\/\/diarioregionaldigital.com.br\/index.php?rest_route=\/wp\/v2\/posts\/209085","targetHints":{"allow":["GET"]}}],"collection":[{"href":"https:\/\/diarioregionaldigital.com.br\/index.php?rest_route=\/wp\/v2\/posts"}],"about":[{"href":"https:\/\/diarioregionaldigital.com.br\/index.php?rest_route=\/wp\/v2\/types\/post"}],"author":[{"embeddable":true,"href":"https:\/\/diarioregionaldigital.com.br\/index.php?rest_route=\/wp\/v2\/users\/246"}],"replies":[{"embeddable":true,"href":"https:\/\/diarioregionaldigital.com.br\/index.php?rest_route=%2Fwp%2Fv2%2Fcomments&post=209085"}],"version-history":[{"count":1,"href":"https:\/\/diarioregionaldigital.com.br\/index.php?rest_route=\/wp\/v2\/posts\/209085\/revisions"}],"predecessor-version":[{"id":209087,"href":"https:\/\/diarioregionaldigital.com.br\/index.php?rest_route=\/wp\/v2\/posts\/209085\/revisions\/209087"}],"wp:featuredmedia":[{"embeddable":true,"href":"https:\/\/diarioregionaldigital.com.br\/index.php?rest_route=\/wp\/v2\/media\/209086"}],"wp:attachment":[{"href":"https:\/\/diarioregionaldigital.com.br\/index.php?rest_route=%2Fwp%2Fv2%2Fmedia&parent=209085"}],"wp:term":[{"taxonomy":"category","embeddable":true,"href":"https:\/\/diarioregionaldigital.com.br\/index.php?rest_route=%2Fwp%2Fv2%2Fcategories&post=209085"},{"taxonomy":"post_tag","embeddable":true,"href":"https:\/\/diarioregionaldigital.com.br\/index.php?rest_route=%2Fwp%2Fv2%2Ftags&post=209085"}],"curies":[{"name":"wp","href":"https:\/\/api.w.org\/{rel}","templated":true}]}}