{"id":209082,"date":"2023-01-13T16:35:43","date_gmt":"2023-01-13T19:35:43","guid":{"rendered":"https:\/\/diarioregionaldigital.com.br\/?p=209082"},"modified":"2023-01-13T16:35:43","modified_gmt":"2023-01-13T19:35:43","slug":"remodelacao-de-rede-de-esgoto-no-bairro-sao-pedro-ja-esta-em-etapa-final-de-execucao","status":"publish","type":"post","link":"https:\/\/diarioregionaldigital.com.br\/?p=209082","title":{"rendered":"Remodela\u00e7\u00e3o de rede de esgoto no Bairro S\u00e3o Pedro j\u00e1 est\u00e1 em etapa final de execu\u00e7\u00e3o"},"content":{"rendered":"<p>Segundo informa\u00e7\u00f5es do site da Prefeitura de Juiz de Fora (PJF), na pr\u00f3xima sexta-feira, 20, a Prefeitura de Juiz de Fora (PJF) pretende finalizar a remodela\u00e7\u00e3o de 110 metros da rede de esgoto da Rua Regente, no bairro S\u00e3o Pedro. Desde o \u00faltimo dia 11, a via est\u00e1 recebendo novos tubos de PVC, com 60 mil\u00edmetros de di\u00e2metro, que ir\u00e3o aumentar a vida \u00fatil do sistema e reduzir a necessidade de manuten\u00e7\u00f5es.<\/p>\n<p>Para a condu\u00e7\u00e3o dos trabalhos, o tr\u00e2nsito na via segue parcialmente interditado at\u00e9 a pr\u00f3xima sexta, de 8h \u00e0s 17h. Desta forma, a Companhia de Saneamento Municipal (Cesama) pede aos moradores que, se poss\u00edvel, retirem seus ve\u00edculos da via antes do in\u00edcio dos servi\u00e7os.<\/p>\n<p>As a\u00e7\u00f5es de remodela\u00e7\u00e3o de redes de esgoto s\u00e3o realizadas ao longo do ano, seguindo uma programa\u00e7\u00e3o de prioridades, quando \u00e9 avaliada a necessidade de troca da tubula\u00e7\u00e3o. A an\u00e1lise leva em conta a antiguidade e o desgaste do material, o fato de o dimensionamento da rede j\u00e1 n\u00e3o ser compat\u00edvel com o n\u00famero de im\u00f3veis atendidos e os transtornos causados aos usu\u00e1rios do sistema, al\u00e9m dos custos de manuten\u00e7\u00e3o.<br \/>\n<strong>Outras informa\u00e7\u00f5es:<\/strong><\/p>\n<p>(32) 3692-9179 &#8211; Assessoria de Comunica\u00e7\u00e3o da Cesama<\/p>\n","protected":false},"excerpt":{"rendered":"<p>Segundo informa\u00e7\u00f5es do site da Prefeitura de Juiz de Fora (PJF), na pr\u00f3xima sexta-feira, 20, a Prefeitura de Juiz de Fora (PJF) pretende finalizar a remodela\u00e7\u00e3o de 110 metros da rede de esgoto da Rua Regente, no bairro S\u00e3o Pedro. Desde o \u00faltimo dia 11, a via est\u00e1 recebendo novos tubos de PVC, com 60 [&hellip;]<\/p>\n","protected":false},"author":246,"featured_media":209083,"comment_status":"closed","ping_status":"closed","sticky":false,"template":"","format":"standard","meta":{"footnotes":""},"categories":[253,436,439],"tags":[],"class_list":["post-209082","post","type-post","status-publish","format-standard","has-post-thumbnail","hentry","category-cidade","category-destaque-da-semana","category-ultima-hora"],"_links":{"self":[{"href":"https:\/\/diarioregionaldigital.com.br\/index.php?rest_route=\/wp\/v2\/posts\/209082","targetHints":{"allow":["GET"]}}],"collection":[{"href":"https:\/\/diarioregionaldigital.com.br\/index.php?rest_route=\/wp\/v2\/posts"}],"about":[{"href":"https:\/\/diarioregionaldigital.com.br\/index.php?rest_route=\/wp\/v2\/types\/post"}],"author":[{"embeddable":true,"href":"https:\/\/diarioregionaldigital.com.br\/index.php?rest_route=\/wp\/v2\/users\/246"}],"replies":[{"embeddable":true,"href":"https:\/\/diarioregionaldigital.com.br\/index.php?rest_route=%2Fwp%2Fv2%2Fcomments&post=209082"}],"version-history":[{"count":1,"href":"https:\/\/diarioregionaldigital.com.br\/index.php?rest_route=\/wp\/v2\/posts\/209082\/revisions"}],"predecessor-version":[{"id":209084,"href":"https:\/\/diarioregionaldigital.com.br\/index.php?rest_route=\/wp\/v2\/posts\/209082\/revisions\/209084"}],"wp:featuredmedia":[{"embeddable":true,"href":"https:\/\/diarioregionaldigital.com.br\/index.php?rest_route=\/wp\/v2\/media\/209083"}],"wp:attachment":[{"href":"https:\/\/diarioregionaldigital.com.br\/index.php?rest_route=%2Fwp%2Fv2%2Fmedia&parent=209082"}],"wp:term":[{"taxonomy":"category","embeddable":true,"href":"https:\/\/diarioregionaldigital.com.br\/index.php?rest_route=%2Fwp%2Fv2%2Fcategories&post=209082"},{"taxonomy":"post_tag","embeddable":true,"href":"https:\/\/diarioregionaldigital.com.br\/index.php?rest_route=%2Fwp%2Fv2%2Ftags&post=209082"}],"curies":[{"name":"wp","href":"https:\/\/api.w.org\/{rel}","templated":true}]}}