{"id":209079,"date":"2023-01-13T16:33:54","date_gmt":"2023-01-13T19:33:54","guid":{"rendered":"https:\/\/diarioregionaldigital.com.br\/?p=209079"},"modified":"2023-01-13T16:33:54","modified_gmt":"2023-01-13T19:33:54","slug":"cobranca-do-estacionamento-do-parque-da-lajinha-sera-investida-na-unidade-de-conservacao","status":"publish","type":"post","link":"https:\/\/diarioregionaldigital.com.br\/?p=209079","title":{"rendered":"Cobran\u00e7a do estacionamento do Parque da Lajinha ser\u00e1 investida na unidade de conserva\u00e7\u00e3o"},"content":{"rendered":"<p>Segundo informa\u00e7\u00f5es do site da Prefeitura de Juiz de Fora (PJF), em breve o estacionamento do Parque da Lajinha ser\u00e1 cobrado, tendo todo o valor arrecadado pelo uso revertido em recursos para a manuten\u00e7\u00e3o da estrutura do pr\u00f3prio parque. A licita\u00e7\u00e3o foi feita em acordo com a Lei Federal n\u00ba 8.666\/93 e tem o objetivo de organizar a utiliza\u00e7\u00e3o do espa\u00e7o, garantir seguran\u00e7a para os propriet\u00e1rios e captar recursos a serem investidos na pr\u00f3pria Unidade de Conserva\u00e7\u00e3o.<\/p>\n<p>&#8220;N\u00f3s constatamos que a \u00e1rea estava sendo utilizada por pessoas que nem utilizavam o parque e, \u00e0s vezes, o dia inteiro, impedindo outras pessoas \u00e0 visita\u00e7\u00e3o, havendo a necessidade de estrutura\u00e7\u00e3o, at\u00e9 para impedir furtos nos ve\u00edculos&#8221;, comenta Aline Junqueira, secret\u00e1ria de Sustentabilidade em Meio Ambiente e Atividades Urbanas.<\/p>\n<p>A TG Conservadora Eirelli, vencedora da licita\u00e7\u00e3o,\u00a0 assinou o Termo de Permiss\u00e3o de Uso com a administra\u00e7\u00e3o na \u00faltima sexta-feira, 6. O valor cobrado para o estacionamento de ve\u00edculos deve ser em conformidade com os pre\u00e7os de mercado apresentados pela empresa respons\u00e1vel. A entrada no parque segue de forma gratuita e a cobran\u00e7a do estacionamento s\u00f3 poder\u00e1 ser realizada depois que a empresa implementar os instrumentos necess\u00e1rios para opera\u00e7\u00e3o, descritos em Termo de Compromisso. Ela tem o prazo de 90 dias para instalar equipamentos de seguran\u00e7a, el\u00e9tricos, sinaliza\u00e7\u00e3o, guarita e controle da \u00e1rea.<\/p>\n<p>Uma pesquisa realizada em 2022 constatou que mais da metade das pessoas que frequentam o parque v\u00e3o de transporte p\u00fablico, aplicativo ou a p\u00e9.<\/p>\n<p><strong>O Parque da Lajinha<\/strong><\/p>\n<p>O Parque da Lajinha est\u00e1 localizado na Avenida Deusdedith Salgado, s\/n, no bairro Teixeiras. O funcionamento do parque \u00e9 de ter\u00e7a-feira \u00e0 domingo, de 8h \u00e0s 17h, com entrada permitida at\u00e9 \u00e0s 16:30.<\/p>\n<p>As linhas de \u00f4nibus que atendem ao local s\u00e3o: 190 (zona sul), 508 (Av. Deusdedith Salgado), 514 (Cascatinha), 519 (Torre\u00f5es), 520 (Aeroporto), 521 (Teixeiras), 522\u00a0 \u00a0 (Teixeiras), 523 (Monte Verde), 528 (Cascatinha), 529 (Monte Verde), 543 (Centro), 546 (Mirante), 590 (Zona Sul) e 518 (Salvaterra).<br \/>\n<strong>Outras informa\u00e7\u00f5es:\u00a0<\/strong><\/p>\n<p>Secretaria de Sustentabilidade em Meio Ambiente e Atividades Urbanas (Sesmaur) &#8211; 3690-7142<\/p>\n<p>DEAPREN: 3690-7118<\/p>\n<p>Parque da Lajinha: 3690-8577<\/p>\n","protected":false},"excerpt":{"rendered":"<p>Segundo informa\u00e7\u00f5es do site da Prefeitura de Juiz de Fora (PJF), em breve o estacionamento do Parque da Lajinha ser\u00e1 cobrado, tendo todo o valor arrecadado pelo uso revertido em recursos para a manuten\u00e7\u00e3o da estrutura do pr\u00f3prio parque. A licita\u00e7\u00e3o foi feita em acordo com a Lei Federal n\u00ba 8.666\/93 e tem o objetivo [&hellip;]<\/p>\n","protected":false},"author":246,"featured_media":209080,"comment_status":"closed","ping_status":"closed","sticky":false,"template":"","format":"standard","meta":{"footnotes":""},"categories":[253,436,439],"tags":[],"class_list":["post-209079","post","type-post","status-publish","format-standard","has-post-thumbnail","hentry","category-cidade","category-destaque-da-semana","category-ultima-hora"],"_links":{"self":[{"href":"https:\/\/diarioregionaldigital.com.br\/index.php?rest_route=\/wp\/v2\/posts\/209079","targetHints":{"allow":["GET"]}}],"collection":[{"href":"https:\/\/diarioregionaldigital.com.br\/index.php?rest_route=\/wp\/v2\/posts"}],"about":[{"href":"https:\/\/diarioregionaldigital.com.br\/index.php?rest_route=\/wp\/v2\/types\/post"}],"author":[{"embeddable":true,"href":"https:\/\/diarioregionaldigital.com.br\/index.php?rest_route=\/wp\/v2\/users\/246"}],"replies":[{"embeddable":true,"href":"https:\/\/diarioregionaldigital.com.br\/index.php?rest_route=%2Fwp%2Fv2%2Fcomments&post=209079"}],"version-history":[{"count":1,"href":"https:\/\/diarioregionaldigital.com.br\/index.php?rest_route=\/wp\/v2\/posts\/209079\/revisions"}],"predecessor-version":[{"id":209081,"href":"https:\/\/diarioregionaldigital.com.br\/index.php?rest_route=\/wp\/v2\/posts\/209079\/revisions\/209081"}],"wp:featuredmedia":[{"embeddable":true,"href":"https:\/\/diarioregionaldigital.com.br\/index.php?rest_route=\/wp\/v2\/media\/209080"}],"wp:attachment":[{"href":"https:\/\/diarioregionaldigital.com.br\/index.php?rest_route=%2Fwp%2Fv2%2Fmedia&parent=209079"}],"wp:term":[{"taxonomy":"category","embeddable":true,"href":"https:\/\/diarioregionaldigital.com.br\/index.php?rest_route=%2Fwp%2Fv2%2Fcategories&post=209079"},{"taxonomy":"post_tag","embeddable":true,"href":"https:\/\/diarioregionaldigital.com.br\/index.php?rest_route=%2Fwp%2Fv2%2Ftags&post=209079"}],"curies":[{"name":"wp","href":"https:\/\/api.w.org\/{rel}","templated":true}]}}