{"id":209076,"date":"2023-01-13T16:32:27","date_gmt":"2023-01-13T19:32:27","guid":{"rendered":"https:\/\/diarioregionaldigital.com.br\/?p=209076"},"modified":"2023-01-13T16:32:27","modified_gmt":"2023-01-13T19:32:27","slug":"procissao-do-cirio-de-nossa-senhora-dos-impossiveis-gera-alteracoes-de-transito-no-domingo-15","status":"publish","type":"post","link":"https:\/\/diarioregionaldigital.com.br\/?p=209076","title":{"rendered":"Prociss\u00e3o do C\u00edrio de Nossa Senhora dos Imposs\u00edveis gera altera\u00e7\u00f5es de tr\u00e2nsito no domingo, 15"},"content":{"rendered":"<p>Segundo informa\u00e7\u00f5es do site da Prefeitura de Juiz de Fora (PJF), a Secretaria de Mobilidade Urbana (SMU) da Prefeitura de Juiz de Fora (PJF) informa que devido \u00e0 realiza\u00e7\u00e3o da prociss\u00e3o do C\u00edrio de Nossa Senhora dos Imposs\u00edveis neste domingo, 15, \u00e0s 14h, as ruas Perp\u00e9tua, Am\u00e9rico Luz, Eug\u00eanio Fontainha e Rua Bar\u00e3o do Retiro, at\u00e9 a Par\u00f3quia de Santa Rita de C\u00e1ssia, ficar\u00e3o parcialmente interditadas durante a passagem dos fi\u00e9is. O tr\u00e2nsito ser\u00e1 monitorado pelos agentes de transporte e tr\u00e2nsito da SMU.<\/p>\n<p>O cortejo sair\u00e1 do bairro Ladeira, em frente ao pr\u00e9dio da antiga Telemig, da Rua Maria Perp\u00e9tua, n\u00ba 44, e seguir\u00e1 em dire\u00e7\u00e3o \u00e0 Par\u00f3quia Santa Rita, onde ser\u00e1 a Santa Eucaristia.<\/p>\n","protected":false},"excerpt":{"rendered":"<p>Segundo informa\u00e7\u00f5es do site da Prefeitura de Juiz de Fora (PJF), a Secretaria de Mobilidade Urbana (SMU) da Prefeitura de Juiz de Fora (PJF) informa que devido \u00e0 realiza\u00e7\u00e3o da prociss\u00e3o do C\u00edrio de Nossa Senhora dos Imposs\u00edveis neste domingo, 15, \u00e0s 14h, as ruas Perp\u00e9tua, Am\u00e9rico Luz, Eug\u00eanio Fontainha e Rua Bar\u00e3o do Retiro, [&hellip;]<\/p>\n","protected":false},"author":246,"featured_media":209077,"comment_status":"closed","ping_status":"closed","sticky":false,"template":"","format":"standard","meta":{"footnotes":""},"categories":[253,436,439],"tags":[],"class_list":["post-209076","post","type-post","status-publish","format-standard","has-post-thumbnail","hentry","category-cidade","category-destaque-da-semana","category-ultima-hora"],"_links":{"self":[{"href":"https:\/\/diarioregionaldigital.com.br\/index.php?rest_route=\/wp\/v2\/posts\/209076","targetHints":{"allow":["GET"]}}],"collection":[{"href":"https:\/\/diarioregionaldigital.com.br\/index.php?rest_route=\/wp\/v2\/posts"}],"about":[{"href":"https:\/\/diarioregionaldigital.com.br\/index.php?rest_route=\/wp\/v2\/types\/post"}],"author":[{"embeddable":true,"href":"https:\/\/diarioregionaldigital.com.br\/index.php?rest_route=\/wp\/v2\/users\/246"}],"replies":[{"embeddable":true,"href":"https:\/\/diarioregionaldigital.com.br\/index.php?rest_route=%2Fwp%2Fv2%2Fcomments&post=209076"}],"version-history":[{"count":1,"href":"https:\/\/diarioregionaldigital.com.br\/index.php?rest_route=\/wp\/v2\/posts\/209076\/revisions"}],"predecessor-version":[{"id":209078,"href":"https:\/\/diarioregionaldigital.com.br\/index.php?rest_route=\/wp\/v2\/posts\/209076\/revisions\/209078"}],"wp:featuredmedia":[{"embeddable":true,"href":"https:\/\/diarioregionaldigital.com.br\/index.php?rest_route=\/wp\/v2\/media\/209077"}],"wp:attachment":[{"href":"https:\/\/diarioregionaldigital.com.br\/index.php?rest_route=%2Fwp%2Fv2%2Fmedia&parent=209076"}],"wp:term":[{"taxonomy":"category","embeddable":true,"href":"https:\/\/diarioregionaldigital.com.br\/index.php?rest_route=%2Fwp%2Fv2%2Fcategories&post=209076"},{"taxonomy":"post_tag","embeddable":true,"href":"https:\/\/diarioregionaldigital.com.br\/index.php?rest_route=%2Fwp%2Fv2%2Ftags&post=209076"}],"curies":[{"name":"wp","href":"https:\/\/api.w.org\/{rel}","templated":true}]}}