{"id":209070,"date":"2023-01-13T16:25:44","date_gmt":"2023-01-13T19:25:44","guid":{"rendered":"https:\/\/diarioregionaldigital.com.br\/?p=209070"},"modified":"2023-01-13T16:25:44","modified_gmt":"2023-01-13T19:25:44","slug":"vini-neymar-e-debinha-estao-entre-indicados-ao-premio-fifa-the-best","status":"publish","type":"post","link":"https:\/\/diarioregionaldigital.com.br\/?p=209070","title":{"rendered":"Vini, Neymar e Debinha est\u00e3o entre indicados ao pr\u00eamio Fifa The Best"},"content":{"rendered":"<p>O Brasil tem sete representantes no\u00a0The Best, pr\u00eamio\u00a0da Federa\u00e7\u00e3o Internacional de Futebol (Fifa) aos destaques do ano. As indica\u00e7\u00f5es foram divulgadas nesta\u00a0quinta-feira (12). Tr\u00eas deles brigam pelos postos de melhores da temporada entre homens (Neymar e Vin\u00edcius J\u00fanior) e mulheres (Debinha).<img decoding=\"async\" src=\"https:\/\/agenciabrasil.ebc.com.br\/ebc.png?id=1504024&amp;o=node\" \/><img decoding=\"async\" src=\"https:\/\/agenciabrasil.ebc.com.br\/ebc.gif?id=1504024&amp;o=node\" \/><\/p>\n<p>Os goleiros Alisson e Ederson concorrem \u00e0 premia\u00e7\u00e3o de melhor da posi\u00e7\u00e3o. A sueca Pia Sundhage, t\u00e9cnica da sele\u00e7\u00e3o feminina, disputa como melhor treinadora.\u00a0J\u00e1 o atacante Richarlison\u00a0briga pelo Pr\u00eamio Pusk\u00e1s, de gol mais bonito, gra\u00e7as ao voleio do segundo gol brasileiro na vit\u00f3ria por 2 a 0 sobre a S\u00e9rvia, na estreia da Copa do Catar. Os eleitos ser\u00e3o\u00a0anunciados\u00a0em cerim\u00f4nia no pr\u00f3ximo dia\u00a027 de fevereiro, em Paris (Fran\u00e7a).<\/p>\n<div class=\"dnd-widget-wrapper context-cheio_8colunas type-image\">\n<div class=\"dnd-atom-rendered\">\n<div class=\"shadow overflow-hidden rounded-lg d-block zoom-on-hover-sm shadow-hover w-100\"><img decoding=\"async\" class=\"flex-fill img-cover\" title=\"Lucas Figueiredo\/CBF\" src=\"https:\/\/imagens.ebc.com.br\/y7uwY3Lc7wigDAgyYuet1Nkrwow=\/754x0\/smart\/https:\/\/agenciabrasil.ebc.com.br\/sites\/default\/files\/thumbnails\/image\/52521545889_3f710be4a5_o.jpg?itok=-Vi_kJS4\" alt=\"Brasil, S\u00e9rvia, Copa do Catar, Copa 2022, Catar - gol de voleio - Richarlison\" \/><\/div>\n<\/div>\n<div class=\"dnd-caption-wrapper\">\n<div class=\"meta\">Gol de voleio do brasileiro\u00a0Richarlison foi eleito o mais\u00a0bonito da Copa do Catar e agora concorre ao Pusk\u00e1s, de gol mais bonito da temporada\u00a0&#8211;\u00a0<strong>Lucas Figueiredo\/CBF<\/strong><\/div>\n<\/div>\n<\/div>\n<p>Na disputa pelo\u00a0The Best\u00a0masculino, Neymar (terceiro em 2015 &#8211; quando o pr\u00eamio era junto com a Bola de Ouro da revista\u00a0France Football\u00a0&#8211; e 2017) e Vini Jr.\u00a0ter\u00e3o a concorr\u00eancia dos argentinos Lionel Messi e Julian Alvarez, do ingl\u00eas Jude Bellingham, dos franceses Karim Benzema e Kylian Mbapp\u00e9, do belga Kevin de Bruyne, do noruegu\u00eas Erling Haaland, do marroquino Achraf Hakimi, do polon\u00eas Robert Lewandowski, do senegal\u00eas Sadio Mane, do croata Luka Modric e do eg\u00edpcio Mohamed Salah.<\/p>\n<p>Eleito seis vezes o melhor do mundo e principal nome da Argentina na conquista da Copa do Catar, Messi\u00a0aparece como favorito, tendo Benzema (destaque do espanhol Real Madrid na conquista da Liga dos Campe\u00f5es e ganhador da Bola de Ouro de 2022) e Mbapp\u00e9 (artilheiro do Mundial, com oito gols) como principais advers\u00e1rios. O argentino levou o pr\u00eamio pela \u00faltima vez em 2019.<\/p>\n<div class=\"dnd-widget-wrapper context-cheio_8colunas type-image\">\n<div class=\"dnd-atom-rendered\">\n<div class=\"shadow overflow-hidden rounded-lg d-block zoom-on-hover-sm shadow-hover w-100\"><img decoding=\"async\" class=\"flex-fill img-cover\" title=\"Lucas Figueiredo\/CBF\" src=\"https:\/\/imagens.ebc.com.br\/w41EtG9ju2rBhzyBatJpISe3l-M=\/754x0\/smart\/https:\/\/agenciabrasil.ebc.com.br\/sites\/default\/files\/thumbnails\/image\/50669536653_4b1c8827b7_o.jpg?itok=xr8Q2SaL\" alt=\"debinha, sele\u00e7\u00e3o feminina, futebol feminina\" \/><\/div>\n<\/div>\n<div class=\"dnd-caption-wrapper\">\n<div class=\"meta\">Protagonista no\u00a0oitavo t\u00edtulo do Brasil na\u00a0Copa Am\u00e9rica feminina em julho do ano passado, Debinha foi indicada pela primeira ao pr\u00eamio de melhores do ano da Fifa\u00a0&#8211;\u00a0<strong>Lucas Figueiredo\/CBF<\/strong><\/div>\n<\/div>\n<\/div>\n<p>No feminino, Debinha foi indicada ao\u00a0The Best\u00a0pela primeira vez, credenciada por\u00a0ter\u00a0sido protagonista no t\u00edtulo do Brasil na Copa Am\u00e9rica, al\u00e9m de ser eleita para a sele\u00e7\u00e3o das melhores da Liga Norte-Americana. A camisa 9 da sele\u00e7\u00e3o brasileira\u00a0ter\u00e1 como advers\u00e1rias as inglesas Keira Walsh, Beth Mead e Leah Williamson; as espanholas Aitana Bonmat\u00ed e Alexia Putellas, as alem\u00e3s Lena Oberdorf e Alexandra Popp, a canadense Jessie Fleming, a norueguesa Ada Hegerberg, a australiana Sam Kerr, a holandesa Vivianne Miedema, a estadunidense Alex Morgan e a francesa Wendie Renard.<\/p>\n<p>A \u00faltima ganhadora do pr\u00eamio foi Putellas, que venceu a Bola de Ouro referente a 2022, mas a espanhola\u00a0ter\u00e1 dura concorr\u00eancia. Mead, Walsh e Williamson foram os destaques da Inglaterra na campanha do t\u00edtulo da Eurocopa feminina. Al\u00e9m de eleita a melhor da competi\u00e7\u00e3o, a primeira ainda foi a artilheira, com seis gols (e cinco assist\u00eancias).<\/p>\n<p>Na briga pelo posto de melhores goleiros, Alisson (vencedor em 2019) e Ederson\u00a0ter\u00e3o como rivais o marroquino Yassine Bounou, o belga Thibaut Courtois e o argentino Emiliano Mart\u00ednez. Este \u00faltimo foi eleito o Luva de Ouro da Copa do Catar, enquanto Courtois foi o grande nome do Real Madrid na final da Liga dos Campe\u00f5es, contra o ingl\u00eas Liverpool.<\/p>\n<div class=\"dnd-widget-wrapper context-cheio_8colunas type-image\">\n<div class=\"dnd-atom-rendered\">\n<div class=\"shadow overflow-hidden rounded-lg d-block zoom-on-hover-sm shadow-hover w-100\"><img decoding=\"async\" class=\"flex-fill img-cover\" title=\"Lucas Figueiredo\/CBF\/Direitos Reservados\" src=\"https:\/\/imagens.ebc.com.br\/uci0PoqdRrUAlGmgcxErx2YeSRs=\/754x0\/smart\/https:\/\/agenciabrasil.ebc.com.br\/sites\/default\/files\/thumbnails\/image\/pia_sundhage_tecnica-selecao_feminina.jpg?itok=MuudYwP-\" alt=\"Pia Sundhage - t\u00e9cnica - convoca\u00e7\u00e3o 18\/03\/2022\" \/><\/div>\n<\/div>\n<div class=\"dnd-caption-wrapper\">\n<div class=\"meta\">Pia Sundhage, t\u00e9cnica da sele\u00e7\u00e3o brasileira feminina de futebol, concorre ao segundo pr\u00eamio Fifa The Best na carreira: o primeiro foi em 2012, quando a treinadora comandava a sele\u00e7\u00e3o dos Estados Unidos\u00a0&#8211;\u00a0<strong>Lucas Figueiredo\/CBF\/Direitos Reservados<\/strong><\/div>\n<\/div>\n<\/div>\n<p>Melhor t\u00e9cnica de futebol feminino do mundo em 2012 &#8211; quando estava \u00e0 frente dos Estados Unidos &#8211; e terceira colocada em 2016, Pia Sundhage tem cinco concorrentes na disputa pelo bi. Tr\u00eas tamb\u00e9m s\u00e3o treinadoras de sele\u00e7\u00f5es: Bev Priestman (Canad\u00e1), Martina Voss-Tecklenburg (Alemanha) e Sarina Wiegman (Inglaterra). As outras duas s\u00e3o Sonia Bompastor, que\u00a0comanda o Lyon (Fran\u00e7a), e Emma Hayes, que\u00a0dirige o Chelsea (Inglaterra) e \u00e9 a atual vencedora. Ganhadora pela \u00faltima vez em 2020, Wiegman levou as inglesas ao t\u00edtulo da Eurocopa em 2022.<\/p>\n<p>Por fim, o gola\u00e7o de Richarlison contra a S\u00e9rvia tem dez concorrentes pelo Pr\u00eamio Pusk\u00e1s: o italiano Mario Balotelli, os franceses Mbapp\u00e9, Th\u00e9o Hern\u00e1ndez, Dimitry Payet e Amandine Henry,\u00a0o argentino Francisco Metilli, o sudan\u00eas Alou Kuol, o polon\u00eas Marcin Oleksy, a espanhola Salma Paralluelo e a inglesa Alessia Russo. O brasileiro tem a favor o fato de o gol\u00a0ter\u00a0sido eleito o mais bonito da Copa, em vota\u00e7\u00e3o popular.<\/p>\n<p><span style=\"font-weight: 400;\">Fonte: Ag\u00eancia Brasil<\/span><\/p>\n","protected":false},"excerpt":{"rendered":"<p>O Brasil tem sete representantes no\u00a0The Best, pr\u00eamio\u00a0da Federa\u00e7\u00e3o Internacional de Futebol (Fifa) aos destaques do ano. As indica\u00e7\u00f5es foram divulgadas nesta\u00a0quinta-feira (12). Tr\u00eas deles brigam pelos postos de melhores da temporada entre homens (Neymar e Vin\u00edcius J\u00fanior) e mulheres (Debinha). Os goleiros Alisson e Ederson concorrem \u00e0 premia\u00e7\u00e3o de melhor da posi\u00e7\u00e3o. A sueca [&hellip;]<\/p>\n","protected":false},"author":246,"featured_media":209071,"comment_status":"closed","ping_status":"closed","sticky":false,"template":"","format":"standard","meta":{"footnotes":""},"categories":[436,257,439],"tags":[],"class_list":["post-209070","post","type-post","status-publish","format-standard","has-post-thumbnail","hentry","category-destaque-da-semana","category-esporte","category-ultima-hora"],"_links":{"self":[{"href":"https:\/\/diarioregionaldigital.com.br\/index.php?rest_route=\/wp\/v2\/posts\/209070","targetHints":{"allow":["GET"]}}],"collection":[{"href":"https:\/\/diarioregionaldigital.com.br\/index.php?rest_route=\/wp\/v2\/posts"}],"about":[{"href":"https:\/\/diarioregionaldigital.com.br\/index.php?rest_route=\/wp\/v2\/types\/post"}],"author":[{"embeddable":true,"href":"https:\/\/diarioregionaldigital.com.br\/index.php?rest_route=\/wp\/v2\/users\/246"}],"replies":[{"embeddable":true,"href":"https:\/\/diarioregionaldigital.com.br\/index.php?rest_route=%2Fwp%2Fv2%2Fcomments&post=209070"}],"version-history":[{"count":1,"href":"https:\/\/diarioregionaldigital.com.br\/index.php?rest_route=\/wp\/v2\/posts\/209070\/revisions"}],"predecessor-version":[{"id":209072,"href":"https:\/\/diarioregionaldigital.com.br\/index.php?rest_route=\/wp\/v2\/posts\/209070\/revisions\/209072"}],"wp:featuredmedia":[{"embeddable":true,"href":"https:\/\/diarioregionaldigital.com.br\/index.php?rest_route=\/wp\/v2\/media\/209071"}],"wp:attachment":[{"href":"https:\/\/diarioregionaldigital.com.br\/index.php?rest_route=%2Fwp%2Fv2%2Fmedia&parent=209070"}],"wp:term":[{"taxonomy":"category","embeddable":true,"href":"https:\/\/diarioregionaldigital.com.br\/index.php?rest_route=%2Fwp%2Fv2%2Fcategories&post=209070"},{"taxonomy":"post_tag","embeddable":true,"href":"https:\/\/diarioregionaldigital.com.br\/index.php?rest_route=%2Fwp%2Fv2%2Ftags&post=209070"}],"curies":[{"name":"wp","href":"https:\/\/api.w.org\/{rel}","templated":true}]}}