{"id":209067,"date":"2023-01-13T16:23:43","date_gmt":"2023-01-13T19:23:43","guid":{"rendered":"https:\/\/diarioregionaldigital.com.br\/?p=209067"},"modified":"2023-01-13T16:23:43","modified_gmt":"2023-01-13T19:23:43","slug":"stefani-fatura-torneio-de-adelaide-seu-1o-titulo-de-duplas-em-2023","status":"publish","type":"post","link":"https:\/\/diarioregionaldigital.com.br\/?p=209067","title":{"rendered":"Stefani fatura Torneio de Adelaide, seu 1\u00ba t\u00edtulo de duplas em 2023"},"content":{"rendered":"<p>A dupla da brasileira Luisa Stefani com a norte-americana Taylor Towsend faturou a ta\u00e7a do WTA 500 de Adelaide (Austr\u00e1lia) nas primeiras horas desta sexta-feira (13). No primeiro torneio jogando\u00a0 juntas, Stefani e Towsend se superaram em quadra para derrotar na final a \u00a0a russa Anastasia Pavlyuchenkova e a cazaque Elena Rybakina por 2 sets a 0, com parciais de 7\/5 e 7\/6 (7-3). \u00a0Atual n\u00famero 47 do mundo, a brasileira deve subir 13 posi\u00e7\u00f5es e aparecer em 34\u00ba lugar na atualiza\u00e7\u00e3o do ranking da WTA na pr\u00f3xima segunda (16).<img decoding=\"async\" src=\"https:\/\/agenciabrasil.ebc.com.br\/ebc.png?id=1504215&amp;o=node\" \/><img decoding=\"async\" src=\"https:\/\/agenciabrasil.ebc.com.br\/ebc.gif?id=1504215&amp;o=node\" \/><\/p>\n<p>&#8220;Muito feliz de come\u00e7ar o ano com o t\u00edtulo. Primeira vez jogando com a Taylor, foi uma semana muito boa tanto dentro quanto fora na quadra. J\u00e1 cheguei em Melbourne para continuar os preparativos do Australian Open [Aberto da Aust\u00e1lia]\u00a0com a McNally\u201d, festejou Stefani, referindo-se \u00e0 outra parceira norte-americana com a qual disputar\u00e1 o primeiro Grand Slam do ano.<\/p>\n<p>A brasileira disputar\u00e1 o Aberto da Aust\u00e1rlia com Caty McNally, que foi vice-campe\u00e3 ano passado do US Open, jogando com Towsend. Os confrontos de duplas ser\u00e3o definidos na pr\u00f3xima semana. \u00a0O primeiro dos quatro Grand Slam da temporada come\u00e7a no domingo (15)<\/p>\n<p>Nascida em Campinas (SP), Stefani tem muito mesmo o que comemorar. Desde que retornou \u00e0s quadras em setembro passado \u2013 ap\u00f3s um ano em recupera\u00e7\u00e3o de uma cirurgia no joelho direito \u2013 a tenista venceu quatro dos sete torneios que disputou. No ano passado Stefani amealhou os t\u00edtulos do WTA 250 de Chennai (\u00cdndia), WTA 1000 de Guadalajara (M\u00e9xico) e WTA 125 de Montevid\u00e9u (Uruguai).<\/p>\n<p>Bronze na Olimp\u00edada de T\u00f3quio \u2013 em dupla com Laura Pigossi \u2013 Stefani chegou a ocupar a nona posi\u00e7\u00e3o no ranking mundial de duplas da WTA, antes de passar pela\u00a0cirurgia do joelho.<\/p>\n<p><span style=\"font-weight: 400;\">Fonte: Ag\u00eancia Brasil<\/span><\/p>\n","protected":false},"excerpt":{"rendered":"<p>A dupla da brasileira Luisa Stefani com a norte-americana Taylor Towsend faturou a ta\u00e7a do WTA 500 de Adelaide (Austr\u00e1lia) nas primeiras horas desta sexta-feira (13). No primeiro torneio jogando\u00a0 juntas, Stefani e Towsend se superaram em quadra para derrotar na final a \u00a0a russa Anastasia Pavlyuchenkova e a cazaque Elena Rybakina por 2 sets [&hellip;]<\/p>\n","protected":false},"author":246,"featured_media":209068,"comment_status":"closed","ping_status":"closed","sticky":false,"template":"","format":"standard","meta":{"footnotes":""},"categories":[436,257,439],"tags":[],"class_list":["post-209067","post","type-post","status-publish","format-standard","has-post-thumbnail","hentry","category-destaque-da-semana","category-esporte","category-ultima-hora"],"_links":{"self":[{"href":"https:\/\/diarioregionaldigital.com.br\/index.php?rest_route=\/wp\/v2\/posts\/209067","targetHints":{"allow":["GET"]}}],"collection":[{"href":"https:\/\/diarioregionaldigital.com.br\/index.php?rest_route=\/wp\/v2\/posts"}],"about":[{"href":"https:\/\/diarioregionaldigital.com.br\/index.php?rest_route=\/wp\/v2\/types\/post"}],"author":[{"embeddable":true,"href":"https:\/\/diarioregionaldigital.com.br\/index.php?rest_route=\/wp\/v2\/users\/246"}],"replies":[{"embeddable":true,"href":"https:\/\/diarioregionaldigital.com.br\/index.php?rest_route=%2Fwp%2Fv2%2Fcomments&post=209067"}],"version-history":[{"count":1,"href":"https:\/\/diarioregionaldigital.com.br\/index.php?rest_route=\/wp\/v2\/posts\/209067\/revisions"}],"predecessor-version":[{"id":209069,"href":"https:\/\/diarioregionaldigital.com.br\/index.php?rest_route=\/wp\/v2\/posts\/209067\/revisions\/209069"}],"wp:featuredmedia":[{"embeddable":true,"href":"https:\/\/diarioregionaldigital.com.br\/index.php?rest_route=\/wp\/v2\/media\/209068"}],"wp:attachment":[{"href":"https:\/\/diarioregionaldigital.com.br\/index.php?rest_route=%2Fwp%2Fv2%2Fmedia&parent=209067"}],"wp:term":[{"taxonomy":"category","embeddable":true,"href":"https:\/\/diarioregionaldigital.com.br\/index.php?rest_route=%2Fwp%2Fv2%2Fcategories&post=209067"},{"taxonomy":"post_tag","embeddable":true,"href":"https:\/\/diarioregionaldigital.com.br\/index.php?rest_route=%2Fwp%2Fv2%2Ftags&post=209067"}],"curies":[{"name":"wp","href":"https:\/\/api.w.org\/{rel}","templated":true}]}}