{"id":209057,"date":"2023-01-13T16:15:33","date_gmt":"2023-01-13T19:15:33","guid":{"rendered":"https:\/\/diarioregionaldigital.com.br\/?p=209057"},"modified":"2023-01-13T16:15:33","modified_gmt":"2023-01-13T19:15:33","slug":"governo-confirma-indicacao-de-prates-para-presidencia-da-petrobras","status":"publish","type":"post","link":"https:\/\/diarioregionaldigital.com.br\/?p=209057","title":{"rendered":"Governo confirma indica\u00e7\u00e3o de Prates para presid\u00eancia da Petrobras"},"content":{"rendered":"<p>A Petrobras informou hoje (13) que recebeu, do Minist\u00e9rio de Minas e Energia, a confirma\u00e7\u00e3o do senador Jean Paul Prates (PT-RN) como indicado para exercer a Presid\u00eancia da estatal. O of\u00edcio foi recebido ontem (12) pela empresa, segundo nota divulgada \u00e0 imprensa.<img decoding=\"async\" src=\"https:\/\/agenciabrasil.ebc.com.br\/ebc.png?id=1504159&amp;o=node\" \/><img decoding=\"async\" src=\"https:\/\/agenciabrasil.ebc.com.br\/ebc.gif?id=1504159&amp;o=node\" \/><\/p>\n<p>De acordo com a Petrobras, o of\u00edcio informa que a indica\u00e7\u00e3o de Prates foi aprovada pela Casa Civil da Presid\u00eancia da Rep\u00fablica.<\/p>\n<p>Agora, o nome do senador precisa ser aprovado pelo Conselho de Administra\u00e7\u00e3o da empresa e referendado pela Assembleia Geral dos Acionistas.<\/p>\n<p>Prates foi eleito como primeiro suplente de F\u00e1tima Bezerra, em 2014. Ele assumiu o cargo no Senado Federal, em janeiro de 2019, depois que a titular renunciou para assumir o governo do Rio Grande do Norte. Seu mandato como senador se encerra em 31 de janeiro deste ano.<\/p>\n<p>A Presid\u00eancia da Petrobras est\u00e1 sendo ocupada interinamente por Jo\u00e3o Henrique Rittershaussen desde 4 de janeiro deste ano, quando o ent\u00e3o presidente, Caio Paes de Andrade, renunciou ao cargo.<\/p>\n<p><span style=\"font-weight: 400;\">Fonte: Ag\u00eancia Brasil<\/span><\/p>\n","protected":false},"excerpt":{"rendered":"<p>A Petrobras informou hoje (13) que recebeu, do Minist\u00e9rio de Minas e Energia, a confirma\u00e7\u00e3o do senador Jean Paul Prates (PT-RN) como indicado para exercer a Presid\u00eancia da estatal. O of\u00edcio foi recebido ontem (12) pela empresa, segundo nota divulgada \u00e0 imprensa. De acordo com a Petrobras, o of\u00edcio informa que a indica\u00e7\u00e3o de Prates [&hellip;]<\/p>\n","protected":false},"author":246,"featured_media":209059,"comment_status":"closed","ping_status":"closed","sticky":false,"template":"","format":"standard","meta":{"footnotes":""},"categories":[436,254,439],"tags":[],"class_list":["post-209057","post","type-post","status-publish","format-standard","has-post-thumbnail","hentry","category-destaque-da-semana","category-politica","category-ultima-hora"],"_links":{"self":[{"href":"https:\/\/diarioregionaldigital.com.br\/index.php?rest_route=\/wp\/v2\/posts\/209057","targetHints":{"allow":["GET"]}}],"collection":[{"href":"https:\/\/diarioregionaldigital.com.br\/index.php?rest_route=\/wp\/v2\/posts"}],"about":[{"href":"https:\/\/diarioregionaldigital.com.br\/index.php?rest_route=\/wp\/v2\/types\/post"}],"author":[{"embeddable":true,"href":"https:\/\/diarioregionaldigital.com.br\/index.php?rest_route=\/wp\/v2\/users\/246"}],"replies":[{"embeddable":true,"href":"https:\/\/diarioregionaldigital.com.br\/index.php?rest_route=%2Fwp%2Fv2%2Fcomments&post=209057"}],"version-history":[{"count":1,"href":"https:\/\/diarioregionaldigital.com.br\/index.php?rest_route=\/wp\/v2\/posts\/209057\/revisions"}],"predecessor-version":[{"id":209060,"href":"https:\/\/diarioregionaldigital.com.br\/index.php?rest_route=\/wp\/v2\/posts\/209057\/revisions\/209060"}],"wp:featuredmedia":[{"embeddable":true,"href":"https:\/\/diarioregionaldigital.com.br\/index.php?rest_route=\/wp\/v2\/media\/209059"}],"wp:attachment":[{"href":"https:\/\/diarioregionaldigital.com.br\/index.php?rest_route=%2Fwp%2Fv2%2Fmedia&parent=209057"}],"wp:term":[{"taxonomy":"category","embeddable":true,"href":"https:\/\/diarioregionaldigital.com.br\/index.php?rest_route=%2Fwp%2Fv2%2Fcategories&post=209057"},{"taxonomy":"post_tag","embeddable":true,"href":"https:\/\/diarioregionaldigital.com.br\/index.php?rest_route=%2Fwp%2Fv2%2Ftags&post=209057"}],"curies":[{"name":"wp","href":"https:\/\/api.w.org\/{rel}","templated":true}]}}