{"id":209054,"date":"2023-01-13T16:14:06","date_gmt":"2023-01-13T19:14:06","guid":{"rendered":"https:\/\/diarioregionaldigital.com.br\/?p=209054"},"modified":"2023-01-13T16:14:06","modified_gmt":"2023-01-13T19:14:06","slug":"justica-militar-apura-possivel-registro-ilegal-de-armas-por-jefferson","status":"publish","type":"post","link":"https:\/\/diarioregionaldigital.com.br\/?p=209054","title":{"rendered":"Justi\u00e7a Militar apura poss\u00edvel registro ilegal de armas por Jefferson"},"content":{"rendered":"<p>A 2\u00aa Procuradoria de Justi\u00e7a Militar do Minist\u00e9rio P\u00fablico Militar (MPM) em Bras\u00edlia vai investigar se houve registro de armas em nome do ex-deputado federal e ex-presidente do PTB Roberto Jefferson no sistema Sigma do Comando do Ex\u00e9rcito. A decis\u00e3o da 2\u00aa Procuradoria foi tomada ap\u00f3s investiga\u00e7\u00f5es do Minist\u00e9rio P\u00fablico Federal (MPF), que indicam a realiza\u00e7\u00e3o dos registros em um per\u00edodo no qual Jefferson foi preso, o que n\u00e3o \u00e9 permitido. Conforme o MPF, dez armas foram registradas naquele per\u00edodo.<img decoding=\"async\" src=\"https:\/\/agenciabrasil.ebc.com.br\/ebc.png?id=1504228&amp;o=node\" \/><img decoding=\"async\" src=\"https:\/\/agenciabrasil.ebc.com.br\/ebc.gif?id=1504228&amp;o=node\" \/><\/p>\n<p>Segundo o MPM, n\u00e3o h\u00e1 ainda resultado das investiga\u00e7\u00f5es determinadas pela 2\u00aa Procuradoria. Por enquanto, foi aberta uma not\u00edcia de fato para apurar se houve crime nos registros das armas e come\u00e7aram as dilig\u00eancias. Neste procedimento, que est\u00e1 em fase inicial, de acordo com o MPM, foram solicitadas informa\u00e7\u00f5es ao Servi\u00e7o de Fiscaliza\u00e7\u00e3o de Produtos Controlados da 11\u00aa Regi\u00e3o Militar, mas as respostas ao of\u00edcio ainda n\u00e3o chegaram.<\/p>\n<p>Ainda conforme o MPM, se forem identificados ind\u00edcios de crime militar, ser\u00e1 solicitada a instaura\u00e7\u00e3o de um inqu\u00e9rito policial militar.<\/p>\n<p>A defesa de Jefferson informou \u00e0\u00a0<strong>Ag\u00eancia Brasil<\/strong>\u00a0que \u201cse manifestar\u00e1 somente nos autos do procedimento investigat\u00f3rio\u201d.<\/p>\n<h2>R\u00e9u<\/h2>\n<p>No dia 9 de dezembro de 2022, a Justi\u00e7a Federal no Rio de Janeiro aceitou a den\u00fancia do Minist\u00e9rio P\u00fablico Federal (MPF) contra o ex-parlamentar, que se tornou r\u00e9u por tentativa de homic\u00eddio contra policiais federais, resist\u00eancia qualificada e outros crimes no dia 23 de outubro do ano passado.<\/p>\n<p>Isso ocorreu quando Roberto Jefferson resistiu a uma ordem de pris\u00e3o decretada pelo ministro do Supremo Tribunal Federal (STF) Alexandre de Moraes. O ex-deputado estava em sua casa, na cidade de Comendador Levy Gasparian, no centro-sul fluminense, e reagiu \u00e0 presen\u00e7a dos quatro agentes da Pol\u00edcia Federal que foram ao local para cumprir o mandado de pris\u00e3o.<\/p>\n<p>Jefferson chegou a lan\u00e7ar granadas e a atirar 60 vezes com armas de grosso calibre contra os policiais. Dois policiais foram feridos pelos disparos. Jefferson s\u00f3 se entregou sete horas ap\u00f3s a chegada dos policiais e de intensa negocia\u00e7\u00e3o.<\/p>\n<h2>Pris\u00e3o<\/h2>\n<p>Depois de preso e de passar a noite na sede da Superintend\u00eancia da Pol\u00edcia Federal, na regi\u00e3o portu\u00e1ria do Rio, Jefferson passou por audi\u00eancia de cust\u00f3dia no dia seguinte e foi levado para o pres\u00eddio Pedrolino Werling de Oliveira, conhecido como Bangu 8, no Complexo de Gericin\u00f3, na zona oeste do Rio.<\/p>\n<p>O pres\u00eddio \u00e9 o mesmo para onde, no dia 13 de agosto do ano passado, Jefferson foi levado em a\u00e7\u00e3o que investiga atos antidemocr\u00e1ticos, na qual tamb\u00e9m \u00e9 r\u00e9u.<\/p>\n<p><span style=\"font-weight: 400;\">Fonte: Ag\u00eancia Brasil<\/span><\/p>\n","protected":false},"excerpt":{"rendered":"<p>A 2\u00aa Procuradoria de Justi\u00e7a Militar do Minist\u00e9rio P\u00fablico Militar (MPM) em Bras\u00edlia vai investigar se houve registro de armas em nome do ex-deputado federal e ex-presidente do PTB Roberto Jefferson no sistema Sigma do Comando do Ex\u00e9rcito. A decis\u00e3o da 2\u00aa Procuradoria foi tomada ap\u00f3s investiga\u00e7\u00f5es do Minist\u00e9rio P\u00fablico Federal (MPF), que indicam a [&hellip;]<\/p>\n","protected":false},"author":246,"featured_media":209055,"comment_status":"closed","ping_status":"closed","sticky":false,"template":"","format":"standard","meta":{"footnotes":""},"categories":[436,254,439],"tags":[],"class_list":["post-209054","post","type-post","status-publish","format-standard","has-post-thumbnail","hentry","category-destaque-da-semana","category-politica","category-ultima-hora"],"_links":{"self":[{"href":"https:\/\/diarioregionaldigital.com.br\/index.php?rest_route=\/wp\/v2\/posts\/209054","targetHints":{"allow":["GET"]}}],"collection":[{"href":"https:\/\/diarioregionaldigital.com.br\/index.php?rest_route=\/wp\/v2\/posts"}],"about":[{"href":"https:\/\/diarioregionaldigital.com.br\/index.php?rest_route=\/wp\/v2\/types\/post"}],"author":[{"embeddable":true,"href":"https:\/\/diarioregionaldigital.com.br\/index.php?rest_route=\/wp\/v2\/users\/246"}],"replies":[{"embeddable":true,"href":"https:\/\/diarioregionaldigital.com.br\/index.php?rest_route=%2Fwp%2Fv2%2Fcomments&post=209054"}],"version-history":[{"count":2,"href":"https:\/\/diarioregionaldigital.com.br\/index.php?rest_route=\/wp\/v2\/posts\/209054\/revisions"}],"predecessor-version":[{"id":209058,"href":"https:\/\/diarioregionaldigital.com.br\/index.php?rest_route=\/wp\/v2\/posts\/209054\/revisions\/209058"}],"wp:featuredmedia":[{"embeddable":true,"href":"https:\/\/diarioregionaldigital.com.br\/index.php?rest_route=\/wp\/v2\/media\/209055"}],"wp:attachment":[{"href":"https:\/\/diarioregionaldigital.com.br\/index.php?rest_route=%2Fwp%2Fv2%2Fmedia&parent=209054"}],"wp:term":[{"taxonomy":"category","embeddable":true,"href":"https:\/\/diarioregionaldigital.com.br\/index.php?rest_route=%2Fwp%2Fv2%2Fcategories&post=209054"},{"taxonomy":"post_tag","embeddable":true,"href":"https:\/\/diarioregionaldigital.com.br\/index.php?rest_route=%2Fwp%2Fv2%2Ftags&post=209054"}],"curies":[{"name":"wp","href":"https:\/\/api.w.org\/{rel}","templated":true}]}}