{"id":209051,"date":"2023-01-13T16:12:25","date_gmt":"2023-01-13T19:12:25","guid":{"rendered":"https:\/\/diarioregionaldigital.com.br\/?p=209051"},"modified":"2023-01-13T16:12:25","modified_gmt":"2023-01-13T19:12:25","slug":"marcelo-freixo-e-nomeado-presidente-da-embratur","status":"publish","type":"post","link":"https:\/\/diarioregionaldigital.com.br\/?p=209051","title":{"rendered":"Marcelo Freixo \u00e9 nomeado presidente da Embratur"},"content":{"rendered":"<p>O deputado federal Marcelo Freixo (PT-RJ) foi nomeado presidente da Ag\u00eancia Brasileira de Promo\u00e7\u00e3o Internacional do Turismo (Embratur), \u00f3rg\u00e3o vinculado ao Minist\u00e9rio do Turismo.\u00a0<a href=\"https:\/\/www.in.gov.br\/web\/dou\/-\/decretos-de-12-de-janeiro-de-2023-457678139\" target=\"_blank\" rel=\"noopener\">O decreto presidencial<\/a>\u00a0com a nomea\u00e7\u00e3o foi publicado em edi\u00e7\u00e3o extra do Di\u00e1rio Oficial da Uni\u00e3o, na noite desta quinta-feira (12).<img decoding=\"async\" src=\"https:\/\/agenciabrasil.ebc.com.br\/ebc.png?id=1504163&amp;o=node\" \/><img decoding=\"async\" src=\"https:\/\/agenciabrasil.ebc.com.br\/ebc.gif?id=1504163&amp;o=node\" \/><\/p>\n<p>Por meio de redes sociais, Freixo disse que trabalhar\u00e1 visando recuperar a imagem do Brasil no exterior para atrair mais turistas, investimentos e criar empregos. \u201cO primeiro passo \u00e9 arrumar a casa. A situa\u00e7\u00e3o na Embratur \u00e9 de caos administrativo e inefici\u00eancia. Por isso, vamos passar o pente-fino nos contratos para acabar com o desperd\u00edcio\u201d, escreveu o novo presidente da Embratur.<\/p>\n<p>Freixo disse que far\u00e1 uma gest\u00e3o \u201ct\u00e9cnica e transparente, retomando o foco em marketing, promo\u00e7\u00e3o e apoio \u00e0 comercializa\u00e7\u00e3o do Brasil no exterior\u201d, e que esse trabalho ser\u00e1 executado tendo por base intelig\u00eancia de dados, parcerias, inova\u00e7\u00e3o, agregando, tamb\u00e9m uma agenda de sustentabilidade e a\u00e7\u00f5es clim\u00e1ticas.<\/p>\n<p>\u201cO turismo \u00e9 essencial para superarmos a crise e criarmos emprego, o que falta s\u00e3o pol\u00edticas p\u00fablicas e programas que fortale\u00e7am o setor, em sintonia com as transforma\u00e7\u00f5es recentes em nossa sociedade e o dinamismo que vimos em outros destinos tur\u00edsticos no mundo\u201d, disse.<\/p>\n<p>\u201cPara alcan\u00e7armos esses objetivos, vamos nos articular e realizar a\u00e7\u00f5es integradas com diversos minist\u00e9rios para promovermos o turismo brasileiro. Tamb\u00e9m retomaremos imediatamente o di\u00e1logo com representantes do setor ap\u00f3s 4 anos de isolamento\u201d, acrescentou.<\/p>\n<p>O novo presidente da Embratur descreveu como \u201cmiss\u00e3o\u201d no cargo a de dar ao turismo \u201co protagonismo que ele merece e que o mundo espera\u201d do Brasil.<\/p>\n<p><span style=\"font-weight: 400;\">Fonte: Ag\u00eancia Brasil<\/span><\/p>\n","protected":false},"excerpt":{"rendered":"<p>O deputado federal Marcelo Freixo (PT-RJ) foi nomeado presidente da Ag\u00eancia Brasileira de Promo\u00e7\u00e3o Internacional do Turismo (Embratur), \u00f3rg\u00e3o vinculado ao Minist\u00e9rio do Turismo.\u00a0O decreto presidencial\u00a0com a nomea\u00e7\u00e3o foi publicado em edi\u00e7\u00e3o extra do Di\u00e1rio Oficial da Uni\u00e3o, na noite desta quinta-feira (12). Por meio de redes sociais, Freixo disse que trabalhar\u00e1 visando recuperar a [&hellip;]<\/p>\n","protected":false},"author":246,"featured_media":209052,"comment_status":"closed","ping_status":"closed","sticky":false,"template":"","format":"standard","meta":{"footnotes":""},"categories":[436,254,439],"tags":[],"class_list":["post-209051","post","type-post","status-publish","format-standard","has-post-thumbnail","hentry","category-destaque-da-semana","category-politica","category-ultima-hora"],"_links":{"self":[{"href":"https:\/\/diarioregionaldigital.com.br\/index.php?rest_route=\/wp\/v2\/posts\/209051","targetHints":{"allow":["GET"]}}],"collection":[{"href":"https:\/\/diarioregionaldigital.com.br\/index.php?rest_route=\/wp\/v2\/posts"}],"about":[{"href":"https:\/\/diarioregionaldigital.com.br\/index.php?rest_route=\/wp\/v2\/types\/post"}],"author":[{"embeddable":true,"href":"https:\/\/diarioregionaldigital.com.br\/index.php?rest_route=\/wp\/v2\/users\/246"}],"replies":[{"embeddable":true,"href":"https:\/\/diarioregionaldigital.com.br\/index.php?rest_route=%2Fwp%2Fv2%2Fcomments&post=209051"}],"version-history":[{"count":1,"href":"https:\/\/diarioregionaldigital.com.br\/index.php?rest_route=\/wp\/v2\/posts\/209051\/revisions"}],"predecessor-version":[{"id":209053,"href":"https:\/\/diarioregionaldigital.com.br\/index.php?rest_route=\/wp\/v2\/posts\/209051\/revisions\/209053"}],"wp:featuredmedia":[{"embeddable":true,"href":"https:\/\/diarioregionaldigital.com.br\/index.php?rest_route=\/wp\/v2\/media\/209052"}],"wp:attachment":[{"href":"https:\/\/diarioregionaldigital.com.br\/index.php?rest_route=%2Fwp%2Fv2%2Fmedia&parent=209051"}],"wp:term":[{"taxonomy":"category","embeddable":true,"href":"https:\/\/diarioregionaldigital.com.br\/index.php?rest_route=%2Fwp%2Fv2%2Fcategories&post=209051"},{"taxonomy":"post_tag","embeddable":true,"href":"https:\/\/diarioregionaldigital.com.br\/index.php?rest_route=%2Fwp%2Fv2%2Ftags&post=209051"}],"curies":[{"name":"wp","href":"https:\/\/api.w.org\/{rel}","templated":true}]}}