{"id":209045,"date":"2023-01-13T16:03:56","date_gmt":"2023-01-13T19:03:56","guid":{"rendered":"https:\/\/diarioregionaldigital.com.br\/?p=209045"},"modified":"2023-01-13T16:03:56","modified_gmt":"2023-01-13T19:03:56","slug":"anp-cria-grupo-de-trabalho-para-estudar-retomada-do-polo-bahia-terra","status":"publish","type":"post","link":"https:\/\/diarioregionaldigital.com.br\/?p=209045","title":{"rendered":"ANP cria grupo de trabalho para estudar retomada do Polo Bahia Terra"},"content":{"rendered":"<p>A\u00a0Ag\u00eancia Nacional do Petr\u00f3leo, G\u00e1s Natural e Biocombust\u00edveis (ANP)\u00a0decidiu\u00a0hoje\u00a0(12) criar um grupo de trabalho para monitorar a situa\u00e7\u00e3o do Polo Bahia Terra e articular as a\u00e7\u00f5es necess\u00e1rias \u00e0 retomada gradual e completa de sua produ\u00e7\u00e3o de petr\u00f3leo e g\u00e1s. A diretoria tamb\u00e9m analisou e decidiu n\u00e3o atender ao pedido feito pela Petrobras, de reconsidera\u00e7\u00e3o da decis\u00e3o da ag\u00eancia de interditar, por motivos de seguran\u00e7a, as instala\u00e7\u00f5es que comp\u00f5em o Polo, que fica na Bahia.\u00a0<img decoding=\"async\" src=\"https:\/\/agenciabrasil.ebc.com.br\/ebc.png?id=1504123&amp;o=node\" \/><img decoding=\"async\" src=\"https:\/\/agenciabrasil.ebc.com.br\/ebc.gif?id=1504123&amp;o=node\" \/><\/p>\n<p>Na nota, a\u00a0ANP diz que entende que n\u00e3o pode se furtar ao seu dever de fazer cessar as situa\u00e7\u00f5es de risco grave e iminente, mas, ao mesmo tempo n\u00e3o medir\u00e1 esfor\u00e7os para que a retomada da produ\u00e7\u00e3o ocorra o mais r\u00e1pido poss\u00edvel.<\/p>\n<p>Na fiscaliza\u00e7\u00e3o presencial feita por t\u00e9cnicos da ag\u00eancia entre os dias 5 e\u00a09 de dezembro\u00a0do ano passado,\u00a0foi constatada a falta de sensores de fogo e g\u00e1s; a indisponibilidade de sistemas fixos de combate a inc\u00eandio; o subdimensionamento de respiros de emerg\u00eancia\u00a0e a falta\u00a0previs\u00e3o de a\u00e7\u00f5es de intertravamento em caso de g\u00e1s confirmado. Verificou-se tamb\u00e9m a falha da empresa de n\u00e3o avaliar e, consequentemente, n\u00e3o gerenciar, os riscos espec\u00edficos das instala\u00e7\u00f5es e suas opera\u00e7\u00f5es no Polo, pois n\u00e3o h\u00e1 estudos de consequ\u00eancia de eventuais inc\u00eandios e explos\u00f5es, o que \u00e9 mandat\u00f3rio pela pr\u00f3pria filosofia de seguran\u00e7a da operadora.<\/p>\n<p>No dia 15 de dezembro,\u00a0a ANP autorizou a prorroga\u00e7\u00e3o, solicitada pela Petrobras, do prazo para a conclus\u00e3o da parada dos po\u00e7os e das instala\u00e7\u00f5es de produ\u00e7\u00e3o nos campos interditados, com base no Plano de Parada Segura apresentado pela empresa, visando viabilizar a retomada da produ\u00e7\u00e3o ap\u00f3s cessada a situa\u00e7\u00e3o de risco grave e iminente\u00a0\u00e0 vida humana e ao meio ambiente\u00a0que levou \u00e0 interdi\u00e7\u00e3o.\u00a0Dessa forma, o prazo para suspens\u00e3o gradual das atividades, que inicialmente era de 72 horas (at\u00e9 o final do dia 15 de dezembro), foi prorrogado at\u00e9 dia\u00a0de\u00a0hoje\u00a0(12).<\/p>\n<h2>Grupo de trabalho<\/h2>\n<p>Devido aos impactos causados \u00e0 popula\u00e7\u00e3o pela suspens\u00e3o da produ\u00e7\u00e3o no Polo, a ANP decidiu criar um grupo de trabalho que dever\u00e1 decidir\u00a0com a Petrobras a defini\u00e7\u00e3o da estrat\u00e9gia para o retorno da produ\u00e7\u00e3o do Polo Bahia Terra, com o saneamento dos desvios cr\u00edticos causadores de riscos graves e iminentes, no menor tempo poss\u00edvel. O grupo tamb\u00e9m vai elaborar o cronograma de retorno \u00e0 opera\u00e7\u00e3o, com a\u00e7\u00f5es priorizadas, com base na capacidade de produ\u00e7\u00e3o, na garantia do abastecimento, no menor tempo de saneamento dos condicionantes estabelecidos na interdi\u00e7\u00e3o e em outros crit\u00e9rios cab\u00edveis.<\/p>\n<p><span style=\"font-weight: 400;\"><br \/>\n<\/span><span style=\"font-weight: 400;\">Fonte: Ag\u00eancia Brasil<\/span><\/p>\n","protected":false},"excerpt":{"rendered":"<p>A\u00a0Ag\u00eancia Nacional do Petr\u00f3leo, G\u00e1s Natural e Biocombust\u00edveis (ANP)\u00a0decidiu\u00a0hoje\u00a0(12) criar um grupo de trabalho para monitorar a situa\u00e7\u00e3o do Polo Bahia Terra e articular as a\u00e7\u00f5es necess\u00e1rias \u00e0 retomada gradual e completa de sua produ\u00e7\u00e3o de petr\u00f3leo e g\u00e1s. A diretoria tamb\u00e9m analisou e decidiu n\u00e3o atender ao pedido feito pela Petrobras, de reconsidera\u00e7\u00e3o da [&hellip;]<\/p>\n","protected":false},"author":246,"featured_media":209046,"comment_status":"closed","ping_status":"closed","sticky":false,"template":"","format":"standard","meta":{"footnotes":""},"categories":[436,261,439],"tags":[],"class_list":["post-209045","post","type-post","status-publish","format-standard","has-post-thumbnail","hentry","category-destaque-da-semana","category-economia","category-ultima-hora"],"_links":{"self":[{"href":"https:\/\/diarioregionaldigital.com.br\/index.php?rest_route=\/wp\/v2\/posts\/209045","targetHints":{"allow":["GET"]}}],"collection":[{"href":"https:\/\/diarioregionaldigital.com.br\/index.php?rest_route=\/wp\/v2\/posts"}],"about":[{"href":"https:\/\/diarioregionaldigital.com.br\/index.php?rest_route=\/wp\/v2\/types\/post"}],"author":[{"embeddable":true,"href":"https:\/\/diarioregionaldigital.com.br\/index.php?rest_route=\/wp\/v2\/users\/246"}],"replies":[{"embeddable":true,"href":"https:\/\/diarioregionaldigital.com.br\/index.php?rest_route=%2Fwp%2Fv2%2Fcomments&post=209045"}],"version-history":[{"count":1,"href":"https:\/\/diarioregionaldigital.com.br\/index.php?rest_route=\/wp\/v2\/posts\/209045\/revisions"}],"predecessor-version":[{"id":209047,"href":"https:\/\/diarioregionaldigital.com.br\/index.php?rest_route=\/wp\/v2\/posts\/209045\/revisions\/209047"}],"wp:featuredmedia":[{"embeddable":true,"href":"https:\/\/diarioregionaldigital.com.br\/index.php?rest_route=\/wp\/v2\/media\/209046"}],"wp:attachment":[{"href":"https:\/\/diarioregionaldigital.com.br\/index.php?rest_route=%2Fwp%2Fv2%2Fmedia&parent=209045"}],"wp:term":[{"taxonomy":"category","embeddable":true,"href":"https:\/\/diarioregionaldigital.com.br\/index.php?rest_route=%2Fwp%2Fv2%2Fcategories&post=209045"},{"taxonomy":"post_tag","embeddable":true,"href":"https:\/\/diarioregionaldigital.com.br\/index.php?rest_route=%2Fwp%2Fv2%2Ftags&post=209045"}],"curies":[{"name":"wp","href":"https:\/\/api.w.org\/{rel}","templated":true}]}}