{"id":209042,"date":"2023-01-13T16:01:59","date_gmt":"2023-01-13T19:01:59","guid":{"rendered":"https:\/\/diarioregionaldigital.com.br\/?p=209042"},"modified":"2023-01-13T16:01:59","modified_gmt":"2023-01-13T19:01:59","slug":"caixa-suspende-credito-consignado-para-beneficiarios-do-bolsa-familia","status":"publish","type":"post","link":"https:\/\/diarioregionaldigital.com.br\/?p=209042","title":{"rendered":"Caixa suspende cr\u00e9dito consignado para benefici\u00e1rios do Bolsa Fam\u00edlia"},"content":{"rendered":"<p>A Caixa Econ\u00f4mica Federal informou hoje (13) que suspendeu a oferta de cr\u00e9dito consignado para benefici\u00e1rios do Bolsa Fam\u00edlia\u00a0 a chamada linha Consignado Aux\u00edlio. Em comunicado, a Caixa disse que o produto passar\u00e1 por uma &#8220;revis\u00e3o completa de par\u00e2metros e crit\u00e9rios&#8221;. O antigo Aux\u00edlio Brasil voltou a se chamar Bolsa Fam\u00edlia, na atual gest\u00e3o.<img decoding=\"async\" src=\"https:\/\/agenciabrasil.ebc.com.br\/ebc.png?id=1504221&amp;o=node\" \/><img decoding=\"async\" src=\"https:\/\/agenciabrasil.ebc.com.br\/ebc.gif?id=1504221&amp;o=node\" \/><\/p>\n<p>A suspens\u00e3o est\u00e1 valendo desde ontem (12). Segundo o banco, as contrata\u00e7\u00f5es j\u00e1 realizadas n\u00e3o passar\u00e3o por mudan\u00e7as e as parcelas do financiamento ser\u00e3o debitadas de maneira regular e de acordo com cada contrato.<\/p>\n<p>A Caixa\u00a0<a href=\"https:\/\/agenciabrasil.ebc.com.br\/economia\/noticia\/2022-10\/bancos-ja-podem-fazer-emprestimo-consignado-do-auxilio-brasil-e-bpc\" target=\"_blank\" rel=\"noopener\">criou o consignado do Aux\u00edlio Brasil<\/a>, que tamb\u00e9m atende quem recebe o Benef\u00edcio de Presta\u00e7\u00e3o Continuada (BPC) no dia 10 de outubro. A modalidade de cr\u00e9dito oferecia empr\u00e9stimos aos benefici\u00e1rios do Aux\u00edlio Brasil que podiam chegar a R$ 2,5 mil, pagos em parcelas de at\u00e9 R$ 160 descontadas do benef\u00edcio por at\u00e9 24 meses.<\/p>\n<p>O cr\u00e9dito consignado \u00e9 aquele concedido por institui\u00e7\u00f5es financeiras com desconto autom\u00e1tico das parcelas em folha de pagamento do sal\u00e1rio ou benef\u00edcio.<\/p>\n<p><span style=\"font-weight: 400;\">Fonte: Ag\u00eancia Brasil<\/span><\/p>\n","protected":false},"excerpt":{"rendered":"<p>A Caixa Econ\u00f4mica Federal informou hoje (13) que suspendeu a oferta de cr\u00e9dito consignado para benefici\u00e1rios do Bolsa Fam\u00edlia\u00a0 a chamada linha Consignado Aux\u00edlio. Em comunicado, a Caixa disse que o produto passar\u00e1 por uma &#8220;revis\u00e3o completa de par\u00e2metros e crit\u00e9rios&#8221;. O antigo Aux\u00edlio Brasil voltou a se chamar Bolsa Fam\u00edlia, na atual gest\u00e3o. A [&hellip;]<\/p>\n","protected":false},"author":246,"featured_media":209043,"comment_status":"closed","ping_status":"closed","sticky":false,"template":"","format":"standard","meta":{"footnotes":""},"categories":[436,261,439],"tags":[],"class_list":["post-209042","post","type-post","status-publish","format-standard","has-post-thumbnail","hentry","category-destaque-da-semana","category-economia","category-ultima-hora"],"_links":{"self":[{"href":"https:\/\/diarioregionaldigital.com.br\/index.php?rest_route=\/wp\/v2\/posts\/209042","targetHints":{"allow":["GET"]}}],"collection":[{"href":"https:\/\/diarioregionaldigital.com.br\/index.php?rest_route=\/wp\/v2\/posts"}],"about":[{"href":"https:\/\/diarioregionaldigital.com.br\/index.php?rest_route=\/wp\/v2\/types\/post"}],"author":[{"embeddable":true,"href":"https:\/\/diarioregionaldigital.com.br\/index.php?rest_route=\/wp\/v2\/users\/246"}],"replies":[{"embeddable":true,"href":"https:\/\/diarioregionaldigital.com.br\/index.php?rest_route=%2Fwp%2Fv2%2Fcomments&post=209042"}],"version-history":[{"count":1,"href":"https:\/\/diarioregionaldigital.com.br\/index.php?rest_route=\/wp\/v2\/posts\/209042\/revisions"}],"predecessor-version":[{"id":209044,"href":"https:\/\/diarioregionaldigital.com.br\/index.php?rest_route=\/wp\/v2\/posts\/209042\/revisions\/209044"}],"wp:featuredmedia":[{"embeddable":true,"href":"https:\/\/diarioregionaldigital.com.br\/index.php?rest_route=\/wp\/v2\/media\/209043"}],"wp:attachment":[{"href":"https:\/\/diarioregionaldigital.com.br\/index.php?rest_route=%2Fwp%2Fv2%2Fmedia&parent=209042"}],"wp:term":[{"taxonomy":"category","embeddable":true,"href":"https:\/\/diarioregionaldigital.com.br\/index.php?rest_route=%2Fwp%2Fv2%2Fcategories&post=209042"},{"taxonomy":"post_tag","embeddable":true,"href":"https:\/\/diarioregionaldigital.com.br\/index.php?rest_route=%2Fwp%2Fv2%2Ftags&post=209042"}],"curies":[{"name":"wp","href":"https:\/\/api.w.org\/{rel}","templated":true}]}}