{"id":209039,"date":"2023-01-13T15:59:19","date_gmt":"2023-01-13T18:59:19","guid":{"rendered":"https:\/\/diarioregionaldigital.com.br\/?p=209039"},"modified":"2023-01-13T15:59:19","modified_gmt":"2023-01-13T18:59:19","slug":"ibc-br-registra-queda-de-055-em-novembro","status":"publish","type":"post","link":"https:\/\/diarioregionaldigital.com.br\/?p=209039","title":{"rendered":"IBC-Br registra queda de 0,55% em novembro"},"content":{"rendered":"<p>A atividade econ\u00f4mica brasileira registrou queda de 0,55% em novembro, na compara\u00e7\u00e3o com outubro, de acordo com dados divulgados\u00a0hoje\u00a0(13) pelo Banco Central (BC). No acumulado do ano, o \u00cdndice de Atividade Econ\u00f4mica do Banco Central (IBC-Br),\u00a0 considerado uma pr\u00e9via do Produto Interno Bruto (PIB), teve\u00a0alta de 3,26%.<img decoding=\"async\" src=\"https:\/\/agenciabrasil.ebc.com.br\/ebc.png?id=1504156&amp;o=node\" \/><img decoding=\"async\" src=\"https:\/\/agenciabrasil.ebc.com.br\/ebc.gif?id=1504156&amp;o=node\" \/><\/p>\n<p>Na compara\u00e7\u00e3o com novembro do ano anterior, o IBC-Br apresentou\u00a0crescimento de 1,65%. Em 12 meses, o \u00edndice registrou alta de 3,15%. Os dados s\u00e3o dessazonalizados, ou seja, desconsideram diferen\u00e7as de feriados e de oscila\u00e7\u00f5es da atividade econ\u00f4mica, t\u00edpicas de determinadas \u00e9pocas do ano.<\/p>\n<p>De outubro para novembro, o \u00edndice calculado pelo BC passou de 143,85 pontos para 143,06 pontos na s\u00e9rie dessazonalizada.<\/p>\n<p>O ICB-Br \u00e9 uma forma de avaliar a evolu\u00e7\u00e3o da atividade econ\u00f4mica brasileira e ajudar o BC a tomar decis\u00f5es sobre a taxa b\u00e1sica de juros, a Selic, definida atualmente em 13,75% ao ano.<\/p>\n<p>Segundo o Banco Central, o \u00edndice\u00a0terminou o trimestre de 2022, encerrado em novembro, com queda 0,68%, isso na compara\u00e7\u00e3o com o trimestre anterior e considerando os dados dessazonalizados. Na compara\u00e7\u00e3o com o mesmo trimestre do ano passado, o IBC-Br apresentou alta de 3,32%.<\/p>\n<p><span style=\"font-weight: 400;\">Fonte: Ag\u00eancia Brasil<\/span><\/p>\n","protected":false},"excerpt":{"rendered":"<p>A atividade econ\u00f4mica brasileira registrou queda de 0,55% em novembro, na compara\u00e7\u00e3o com outubro, de acordo com dados divulgados\u00a0hoje\u00a0(13) pelo Banco Central (BC). No acumulado do ano, o \u00cdndice de Atividade Econ\u00f4mica do Banco Central (IBC-Br),\u00a0 considerado uma pr\u00e9via do Produto Interno Bruto (PIB), teve\u00a0alta de 3,26%. Na compara\u00e7\u00e3o com novembro do ano anterior, o [&hellip;]<\/p>\n","protected":false},"author":246,"featured_media":209040,"comment_status":"closed","ping_status":"closed","sticky":false,"template":"","format":"standard","meta":{"footnotes":""},"categories":[436,261,439],"tags":[],"class_list":["post-209039","post","type-post","status-publish","format-standard","has-post-thumbnail","hentry","category-destaque-da-semana","category-economia","category-ultima-hora"],"_links":{"self":[{"href":"https:\/\/diarioregionaldigital.com.br\/index.php?rest_route=\/wp\/v2\/posts\/209039","targetHints":{"allow":["GET"]}}],"collection":[{"href":"https:\/\/diarioregionaldigital.com.br\/index.php?rest_route=\/wp\/v2\/posts"}],"about":[{"href":"https:\/\/diarioregionaldigital.com.br\/index.php?rest_route=\/wp\/v2\/types\/post"}],"author":[{"embeddable":true,"href":"https:\/\/diarioregionaldigital.com.br\/index.php?rest_route=\/wp\/v2\/users\/246"}],"replies":[{"embeddable":true,"href":"https:\/\/diarioregionaldigital.com.br\/index.php?rest_route=%2Fwp%2Fv2%2Fcomments&post=209039"}],"version-history":[{"count":1,"href":"https:\/\/diarioregionaldigital.com.br\/index.php?rest_route=\/wp\/v2\/posts\/209039\/revisions"}],"predecessor-version":[{"id":209041,"href":"https:\/\/diarioregionaldigital.com.br\/index.php?rest_route=\/wp\/v2\/posts\/209039\/revisions\/209041"}],"wp:featuredmedia":[{"embeddable":true,"href":"https:\/\/diarioregionaldigital.com.br\/index.php?rest_route=\/wp\/v2\/media\/209040"}],"wp:attachment":[{"href":"https:\/\/diarioregionaldigital.com.br\/index.php?rest_route=%2Fwp%2Fv2%2Fmedia&parent=209039"}],"wp:term":[{"taxonomy":"category","embeddable":true,"href":"https:\/\/diarioregionaldigital.com.br\/index.php?rest_route=%2Fwp%2Fv2%2Fcategories&post=209039"},{"taxonomy":"post_tag","embeddable":true,"href":"https:\/\/diarioregionaldigital.com.br\/index.php?rest_route=%2Fwp%2Fv2%2Ftags&post=209039"}],"curies":[{"name":"wp","href":"https:\/\/api.w.org\/{rel}","templated":true}]}}