{"id":209036,"date":"2023-01-13T15:57:16","date_gmt":"2023-01-13T18:57:16","guid":{"rendered":"https:\/\/diarioregionaldigital.com.br\/?p=209036"},"modified":"2023-01-13T15:57:16","modified_gmt":"2023-01-13T18:57:16","slug":"apesar-da-queda-nacional-industria-cresce-em-nove-estados-em-novembro","status":"publish","type":"post","link":"https:\/\/diarioregionaldigital.com.br\/?p=209036","title":{"rendered":"Apesar da queda nacional, ind\u00fastria cresce em nove estados em novembro"},"content":{"rendered":"<p>Apesar de ter apresentado uma varia\u00e7\u00e3o negativa de 0,1% na m\u00e9dia nacional, de outubro para novembro de 2022, a produ\u00e7\u00e3o industrial cresceu em nove dos 15 locais pesquisados, no per\u00edodo. Os dados s\u00e3o da Pesquisa Industrial Mensal \u2013 Produ\u00e7\u00e3o F\u00edsica Regional, divulgada hoje (13) pelo Instituto Brasileiro de Geografia e Estat\u00edstica (IBGE).<img decoding=\"async\" src=\"https:\/\/agenciabrasil.ebc.com.br\/ebc.png?id=1504147&amp;o=node\" \/><img decoding=\"async\" src=\"https:\/\/agenciabrasil.ebc.com.br\/ebc.gif?id=1504147&amp;o=node\" \/><\/p>\n<p>As maiores altas foram observadas no Paran\u00e1 (8,5%) e Esp\u00edrito Santo (7,6%). Outros estados com crescimento da ind\u00fastria em novembro foram Cear\u00e1 (4,3%), Mato Grosso (3,8%), Bahia (3,5%), S\u00e3o Paulo (3,1%), Minas Gerais (2,2%), Santa Catarina (0,3%) e Amazonas (0,1%).<\/p>\n<p>Por outro lado, seis locais tiveram queda no per\u00edodo, incluindo a Regi\u00e3o Nordeste (-1,3%), \u00fanica regi\u00e3o a ter seus dados consolidados divulgados pela pesquisa. A maior queda foi observada no Par\u00e1 (-5,2%). Tamb\u00e9m apresentaram perdas os estados de Pernambuco (-2%), Rio Grande do Sul (-1,3%), Rio de Janeiro (-0,9%) e Goi\u00e1s (-0,3%).<\/p>\n<h2>Outras compara\u00e7\u00f5es<\/h2>\n<p>Na compara\u00e7\u00e3o com novembro de 2021, apenas cinco dos 15 locais pesquisados sustentaram a alta nacional de 0,9%, entre eles S\u00e3o Paulo (7,3%) e Rio de Janeiro (6%). Por outro lado, dez locais tiveram quedas. As perdas mais expressivas foram registradas pelo Par\u00e1 (-16,5%), Esp\u00edrito Santo (-12,2%) e Paran\u00e1 (-9,8%).<\/p>\n<p>No acumulado de janeiro a novembro de 2022, oito locais tiveram perdas enquanto sete tiveram altas. Os principais recuos ficaram com Par\u00e1 (-8,9%) e Esp\u00edrito Santo (-7,2%). J\u00e1 a principal alta foi observada no Mato Grosso (21,3%).<\/p>\n<p>No acumulado de 12 meses, a produ\u00e7\u00e3o industrial teve recuos em nove dos 15 locais pesquisados, com destaque, mais uma vez, para os estados do Par\u00e1 (-8,9%) e Esp\u00edrito Santo (-6,7%). Dos seis locais com alta, destacou-se o Mato Grosso (21,6%).<\/p>\n<p><span style=\"font-weight: 400;\">Fonte: Ag\u00eancia Brasil<\/span><span style=\"font-weight: 400;\"><br \/>\n<\/span><\/p>\n","protected":false},"excerpt":{"rendered":"<p>Apesar de ter apresentado uma varia\u00e7\u00e3o negativa de 0,1% na m\u00e9dia nacional, de outubro para novembro de 2022, a produ\u00e7\u00e3o industrial cresceu em nove dos 15 locais pesquisados, no per\u00edodo. Os dados s\u00e3o da Pesquisa Industrial Mensal \u2013 Produ\u00e7\u00e3o F\u00edsica Regional, divulgada hoje (13) pelo Instituto Brasileiro de Geografia e Estat\u00edstica (IBGE). As maiores altas [&hellip;]<\/p>\n","protected":false},"author":246,"featured_media":209037,"comment_status":"closed","ping_status":"closed","sticky":false,"template":"","format":"standard","meta":{"footnotes":""},"categories":[436,440,261,439],"tags":[],"class_list":["post-209036","post","type-post","status-publish","format-standard","has-post-thumbnail","hentry","category-destaque-da-semana","category-destaques-do-dia","category-economia","category-ultima-hora"],"_links":{"self":[{"href":"https:\/\/diarioregionaldigital.com.br\/index.php?rest_route=\/wp\/v2\/posts\/209036","targetHints":{"allow":["GET"]}}],"collection":[{"href":"https:\/\/diarioregionaldigital.com.br\/index.php?rest_route=\/wp\/v2\/posts"}],"about":[{"href":"https:\/\/diarioregionaldigital.com.br\/index.php?rest_route=\/wp\/v2\/types\/post"}],"author":[{"embeddable":true,"href":"https:\/\/diarioregionaldigital.com.br\/index.php?rest_route=\/wp\/v2\/users\/246"}],"replies":[{"embeddable":true,"href":"https:\/\/diarioregionaldigital.com.br\/index.php?rest_route=%2Fwp%2Fv2%2Fcomments&post=209036"}],"version-history":[{"count":1,"href":"https:\/\/diarioregionaldigital.com.br\/index.php?rest_route=\/wp\/v2\/posts\/209036\/revisions"}],"predecessor-version":[{"id":209038,"href":"https:\/\/diarioregionaldigital.com.br\/index.php?rest_route=\/wp\/v2\/posts\/209036\/revisions\/209038"}],"wp:featuredmedia":[{"embeddable":true,"href":"https:\/\/diarioregionaldigital.com.br\/index.php?rest_route=\/wp\/v2\/media\/209037"}],"wp:attachment":[{"href":"https:\/\/diarioregionaldigital.com.br\/index.php?rest_route=%2Fwp%2Fv2%2Fmedia&parent=209036"}],"wp:term":[{"taxonomy":"category","embeddable":true,"href":"https:\/\/diarioregionaldigital.com.br\/index.php?rest_route=%2Fwp%2Fv2%2Fcategories&post=209036"},{"taxonomy":"post_tag","embeddable":true,"href":"https:\/\/diarioregionaldigital.com.br\/index.php?rest_route=%2Fwp%2Fv2%2Ftags&post=209036"}],"curies":[{"name":"wp","href":"https:\/\/api.w.org\/{rel}","templated":true}]}}