{"id":209026,"date":"2023-01-12T18:11:02","date_gmt":"2023-01-12T21:11:02","guid":{"rendered":"https:\/\/diarioregionaldigital.com.br\/?p=209026"},"modified":"2023-01-12T18:12:09","modified_gmt":"2023-01-12T21:12:09","slug":"pjf-da-sequencia-a-operacao-tapa-buracos-no-acesso-norte-e-na-avenida-jk","status":"publish","type":"post","link":"https:\/\/diarioregionaldigital.com.br\/?p=209026","title":{"rendered":"PJF d\u00e1 sequ\u00eancia \u00e0 opera\u00e7\u00e3o tapa-buracos no Acesso Norte e na avenida JK"},"content":{"rendered":"<p>Segundo informa\u00e7\u00f5es do site da Prefeitura de Juiz de Fora (PJF), nesta quinta-feira, 12, a Prefeitura de Juiz de Fora (PJF) atendeu diversos bairros com a opera\u00e7\u00e3o tapa-buracos. Entre os locais atendidos, destaque para duas importantes avenidas da zona norte: a Juscelino Kubitschek e a Garcia Rodrigues Paes (acesso norte).<\/p>\n<p>No acesso norte, o trabalho foi realizado depois que o Departamento Municipal de Limpeza Urbana (Demlurb) concluiu a raspagem e a retirada da lama que tomou conta da via ap\u00f3s os temporais dos \u00faltimos dias. Por l\u00e1, duas equipes de tapa-buracos seguem atuando para tornar a avenida mais segura e dar mais celeridade ao tr\u00e2nsito.<br \/>\nNa JK, onde a opera\u00e7\u00e3o j\u00e1 estava em andamento antes do in\u00edcio das chuvas, os trabalhos foram retomados na \u00faltima ter\u00e7a-feira, 10, e tiveram sequ\u00eancia nesta quinta. Assim como na avenida Garcia Rodrigues Paes, duas equipes atuam com os trabalhos de recomposi\u00e7\u00e3o asf\u00e1ltica, atendendo os dois sentidos da via.<\/p>\n<p><strong>Opera\u00e7\u00e3o em outros bairros<br \/>\n<\/strong><br \/>\nAl\u00e9m das duas avenidas citadas, equipes da Empresa Municipal de Pavimenta\u00e7\u00e3o e Urbanidades (Empav) seguem com a opera\u00e7\u00e3o tapa-buracos na avenida Itamar Franco e em nove bairros, s\u00e3o eles:<br \/>\nBenfica<\/p>\n<p>Santa Terezinha<\/p>\n<p>Nossa Senhora Aparecida<\/p>\n<p>Francisco Bernardino<\/p>\n<p>Linhares<\/p>\n<p>Cascatinha<\/p>\n<p>Dom Bosco<\/p>\n<p>Santo Ant\u00f4nio<\/p>\n<p>Nossa Senhora de Lourdes<\/p>\n","protected":false},"excerpt":{"rendered":"<p>Segundo informa\u00e7\u00f5es do site da Prefeitura de Juiz de Fora (PJF), nesta quinta-feira, 12, a Prefeitura de Juiz de Fora (PJF) atendeu diversos bairros com a opera\u00e7\u00e3o tapa-buracos. Entre os locais atendidos, destaque para duas importantes avenidas da zona norte: a Juscelino Kubitschek e a Garcia Rodrigues Paes (acesso norte). No acesso norte, o trabalho [&hellip;]<\/p>\n","protected":false},"author":246,"featured_media":209027,"comment_status":"closed","ping_status":"closed","sticky":false,"template":"","format":"standard","meta":{"footnotes":""},"categories":[253,436,439],"tags":[],"class_list":["post-209026","post","type-post","status-publish","format-standard","has-post-thumbnail","hentry","category-cidade","category-destaque-da-semana","category-ultima-hora"],"_links":{"self":[{"href":"https:\/\/diarioregionaldigital.com.br\/index.php?rest_route=\/wp\/v2\/posts\/209026","targetHints":{"allow":["GET"]}}],"collection":[{"href":"https:\/\/diarioregionaldigital.com.br\/index.php?rest_route=\/wp\/v2\/posts"}],"about":[{"href":"https:\/\/diarioregionaldigital.com.br\/index.php?rest_route=\/wp\/v2\/types\/post"}],"author":[{"embeddable":true,"href":"https:\/\/diarioregionaldigital.com.br\/index.php?rest_route=\/wp\/v2\/users\/246"}],"replies":[{"embeddable":true,"href":"https:\/\/diarioregionaldigital.com.br\/index.php?rest_route=%2Fwp%2Fv2%2Fcomments&post=209026"}],"version-history":[{"count":2,"href":"https:\/\/diarioregionaldigital.com.br\/index.php?rest_route=\/wp\/v2\/posts\/209026\/revisions"}],"predecessor-version":[{"id":209029,"href":"https:\/\/diarioregionaldigital.com.br\/index.php?rest_route=\/wp\/v2\/posts\/209026\/revisions\/209029"}],"wp:featuredmedia":[{"embeddable":true,"href":"https:\/\/diarioregionaldigital.com.br\/index.php?rest_route=\/wp\/v2\/media\/209027"}],"wp:attachment":[{"href":"https:\/\/diarioregionaldigital.com.br\/index.php?rest_route=%2Fwp%2Fv2%2Fmedia&parent=209026"}],"wp:term":[{"taxonomy":"category","embeddable":true,"href":"https:\/\/diarioregionaldigital.com.br\/index.php?rest_route=%2Fwp%2Fv2%2Fcategories&post=209026"},{"taxonomy":"post_tag","embeddable":true,"href":"https:\/\/diarioregionaldigital.com.br\/index.php?rest_route=%2Fwp%2Fv2%2Ftags&post=209026"}],"curies":[{"name":"wp","href":"https:\/\/api.w.org\/{rel}","templated":true}]}}