{"id":209023,"date":"2023-01-12T18:09:44","date_gmt":"2023-01-12T21:09:44","guid":{"rendered":"https:\/\/diarioregionaldigital.com.br\/?p=209023"},"modified":"2023-01-12T18:09:44","modified_gmt":"2023-01-12T21:09:44","slug":"canil-municipal-promove-adocao-de-caes-neste-sabado-14-no-parque-halfeld","status":"publish","type":"post","link":"https:\/\/diarioregionaldigital.com.br\/?p=209023","title":{"rendered":"Canil Municipal promove ado\u00e7\u00e3o de C\u00e3es neste s\u00e1bado, 14, no Parque Halfeld"},"content":{"rendered":"<p>Segundo informa\u00e7\u00f5es do site da Prefeitura de Juiz de Fora (PJF), a PJF traz uma \u00f3tima oportunidade para quem deseja receber e doar muito amor a um amiguinho de quatro patas. Neste s\u00e1bado, 14, oito c\u00e3es estar\u00e3o \u00e0 espera de um lar no Parque Halfeld, das 9h \u00e0s 13h.<br \/>\nO candidato \u00e0 ado\u00e7\u00e3o respons\u00e1vel precisa comparecer ao local com RG, CPF e comprovante de resid\u00eancia. O interessado ser\u00e1 submetido a uma entrevista minuciosa, realizada pela equipe do Canil Municipal, para analisar se est\u00e1 apto a levar um novo amigo para casa.<br \/>\n<strong>&#8220;Me Adota A\u00ed!&#8221;<\/strong><br \/>\nA campanha \u201cMe Adota A\u00ed!\u201d foi lan\u00e7ada pela atual gest\u00e3o municipal com o objetivo de garantir um lar para os animais que est\u00e3o no Canil Municipal. Os interessados em adotar um amigo podem visitar o Canil das 9h \u00e0s 10h30 e das 13h \u00e0s 15h30, de segunda a sexta ou mediante agendamento, para outros dias, pelo telefone (32) 3225-9933. O endere\u00e7o \u00e9 Rua Bartolomeu dos Santos 680, bairro S\u00e3o Dami\u00e3o.<br \/>\nAcesse as redes sociais do\u00a0<a href=\"https:\/\/www.instagram.com\/canilmunicipaljuizdefora\/?hl=pt\"><strong>Canil Municipal &#8211; Me Adota A\u00ed!<\/strong><\/a><\/p>\n","protected":false},"excerpt":{"rendered":"<p>Segundo informa\u00e7\u00f5es do site da Prefeitura de Juiz de Fora (PJF), a PJF traz uma \u00f3tima oportunidade para quem deseja receber e doar muito amor a um amiguinho de quatro patas. Neste s\u00e1bado, 14, oito c\u00e3es estar\u00e3o \u00e0 espera de um lar no Parque Halfeld, das 9h \u00e0s 13h. O candidato \u00e0 ado\u00e7\u00e3o respons\u00e1vel precisa [&hellip;]<\/p>\n","protected":false},"author":246,"featured_media":209024,"comment_status":"closed","ping_status":"closed","sticky":false,"template":"","format":"standard","meta":{"footnotes":""},"categories":[253,436,439],"tags":[],"class_list":["post-209023","post","type-post","status-publish","format-standard","has-post-thumbnail","hentry","category-cidade","category-destaque-da-semana","category-ultima-hora"],"_links":{"self":[{"href":"https:\/\/diarioregionaldigital.com.br\/index.php?rest_route=\/wp\/v2\/posts\/209023","targetHints":{"allow":["GET"]}}],"collection":[{"href":"https:\/\/diarioregionaldigital.com.br\/index.php?rest_route=\/wp\/v2\/posts"}],"about":[{"href":"https:\/\/diarioregionaldigital.com.br\/index.php?rest_route=\/wp\/v2\/types\/post"}],"author":[{"embeddable":true,"href":"https:\/\/diarioregionaldigital.com.br\/index.php?rest_route=\/wp\/v2\/users\/246"}],"replies":[{"embeddable":true,"href":"https:\/\/diarioregionaldigital.com.br\/index.php?rest_route=%2Fwp%2Fv2%2Fcomments&post=209023"}],"version-history":[{"count":1,"href":"https:\/\/diarioregionaldigital.com.br\/index.php?rest_route=\/wp\/v2\/posts\/209023\/revisions"}],"predecessor-version":[{"id":209025,"href":"https:\/\/diarioregionaldigital.com.br\/index.php?rest_route=\/wp\/v2\/posts\/209023\/revisions\/209025"}],"wp:featuredmedia":[{"embeddable":true,"href":"https:\/\/diarioregionaldigital.com.br\/index.php?rest_route=\/wp\/v2\/media\/209024"}],"wp:attachment":[{"href":"https:\/\/diarioregionaldigital.com.br\/index.php?rest_route=%2Fwp%2Fv2%2Fmedia&parent=209023"}],"wp:term":[{"taxonomy":"category","embeddable":true,"href":"https:\/\/diarioregionaldigital.com.br\/index.php?rest_route=%2Fwp%2Fv2%2Fcategories&post=209023"},{"taxonomy":"post_tag","embeddable":true,"href":"https:\/\/diarioregionaldigital.com.br\/index.php?rest_route=%2Fwp%2Fv2%2Ftags&post=209023"}],"curies":[{"name":"wp","href":"https:\/\/api.w.org\/{rel}","templated":true}]}}