{"id":209016,"date":"2023-01-12T18:04:53","date_gmt":"2023-01-12T21:04:53","guid":{"rendered":"https:\/\/diarioregionaldigital.com.br\/?p=209016"},"modified":"2023-01-12T18:04:53","modified_gmt":"2023-01-12T21:04:53","slug":"pjf-recebe-membros-da-nova-formacao-da-comissao-de-saude-da-camara-municipal","status":"publish","type":"post","link":"https:\/\/diarioregionaldigital.com.br\/?p=209016","title":{"rendered":"PJF recebe membros da nova forma\u00e7\u00e3o da Comiss\u00e3o de Sa\u00fade da C\u00e2mara Municipal"},"content":{"rendered":"<p>Segundo informa\u00e7\u00f5es do site da Prefeitura de Juiz de Fora (PJF),\u00a0 a PJF recebeu nesta quinta-feira, 12, os novos membros da Comiss\u00e3o de Sa\u00fade P\u00fablica e Bem-estar Social da C\u00e2mara Municipal de Juiz de Fora (CMJF). Dentre os assuntos debatidos estavam os principais problemas e as propostas de melhorias na sa\u00fade p\u00fablica para o ano de 2023, neste que foi o primeiro encontro entre o grupo rec\u00e9m eleito e os membros da Secretaria de Sa\u00fade (SS).<\/p>\n<p>Participaram da reuni\u00e3o, al\u00e9m do\u00a0secret\u00e1rio de Sa\u00fade, Ivan Chebli, e do secret\u00e1rio adjunto, Leonardo Francisco de Azevedo,\u00a0\u00a0os representantes de todas as subsecretarias da SS e\u00a0os vereadores Dr. Ant\u00f4nio Aguiar, presidente da comiss\u00e3o, Juraci Scheffer, e Luiz Ot\u00e1vio Fernandes Coelho, o Pardal.<\/p>\n<p>Conforme Ivan Chebli, \u201cas pessoas n\u00e3o t\u00eam no\u00e7\u00e3o da capacidade de resposta do munic\u00edpio de Juiz de Fora. No ano passado, internamos quase 41 mil pessoas, realizamos mais de 19 mil cirurgias e centenas de milhares de procedimentos ambulatoriais. N\u00f3s temos que manter e ampliar essa capacidade de resposta das demandas de nossa popula\u00e7\u00e3o. Ter um di\u00e1logo com o legislativo, vai ser melhor ainda\u201d.<\/p>\n<p>O presidente da Comiss\u00e3o, vereador Dr. Ant\u00f4nio Aguiar, apontou que \u201cessa reuni\u00e3o foi uma reuni\u00e3o de apresenta\u00e7\u00e3o aos gestores da Secretaria de Sa\u00fade. Mostrar para eles que precisamos caminhar juntos. A fun\u00e7\u00e3o como vereador \u00e9 fiscalizar. Tem que ser uma fiscaliza\u00e7\u00e3o educativa e construtiva, pois entendemos as dificuldades que foram colocadas aqui\u201d.<\/p>\n<p>O vereador Luiz Ot\u00e1vio Fernandes Coelho apontou que \u201c\u00e9 o momento de achar uma solu\u00e7\u00e3o para os problemas da sa\u00fade no munic\u00edpio e descobrir o que podemos fazer para melhorar e encontrar resolu\u00e7\u00f5es pr\u00e1ticas e objetivas\u201d.<\/p>\n<p>Durante a reuni\u00e3o, ficou definida a parceria da C\u00e2mara Municipal na realiza\u00e7\u00e3o de um semin\u00e1rio que j\u00e1 est\u00e1 sendo trabalhado e organizado pela Secretaria de Sa\u00fade.\u00a0Juraci Scheffer elogiou a iniciativa e ressaltou que \u201ca proposta de um semin\u00e1rio \u00e9 para se discutir um diagn\u00f3stico da situa\u00e7\u00e3o da sa\u00fade p\u00fablica na cidade e tamb\u00e9m a quest\u00e3o da regi\u00e3o, como impacta a vida do usu\u00e1rio do SUS\u201d.<\/p>\n","protected":false},"excerpt":{"rendered":"<p>Segundo informa\u00e7\u00f5es do site da Prefeitura de Juiz de Fora (PJF),\u00a0 a PJF recebeu nesta quinta-feira, 12, os novos membros da Comiss\u00e3o de Sa\u00fade P\u00fablica e Bem-estar Social da C\u00e2mara Municipal de Juiz de Fora (CMJF). Dentre os assuntos debatidos estavam os principais problemas e as propostas de melhorias na sa\u00fade p\u00fablica para o ano [&hellip;]<\/p>\n","protected":false},"author":246,"featured_media":209017,"comment_status":"closed","ping_status":"closed","sticky":false,"template":"","format":"standard","meta":{"footnotes":""},"categories":[253,436,440,439],"tags":[],"class_list":["post-209016","post","type-post","status-publish","format-standard","has-post-thumbnail","hentry","category-cidade","category-destaque-da-semana","category-destaques-do-dia","category-ultima-hora"],"_links":{"self":[{"href":"https:\/\/diarioregionaldigital.com.br\/index.php?rest_route=\/wp\/v2\/posts\/209016","targetHints":{"allow":["GET"]}}],"collection":[{"href":"https:\/\/diarioregionaldigital.com.br\/index.php?rest_route=\/wp\/v2\/posts"}],"about":[{"href":"https:\/\/diarioregionaldigital.com.br\/index.php?rest_route=\/wp\/v2\/types\/post"}],"author":[{"embeddable":true,"href":"https:\/\/diarioregionaldigital.com.br\/index.php?rest_route=\/wp\/v2\/users\/246"}],"replies":[{"embeddable":true,"href":"https:\/\/diarioregionaldigital.com.br\/index.php?rest_route=%2Fwp%2Fv2%2Fcomments&post=209016"}],"version-history":[{"count":1,"href":"https:\/\/diarioregionaldigital.com.br\/index.php?rest_route=\/wp\/v2\/posts\/209016\/revisions"}],"predecessor-version":[{"id":209018,"href":"https:\/\/diarioregionaldigital.com.br\/index.php?rest_route=\/wp\/v2\/posts\/209016\/revisions\/209018"}],"wp:featuredmedia":[{"embeddable":true,"href":"https:\/\/diarioregionaldigital.com.br\/index.php?rest_route=\/wp\/v2\/media\/209017"}],"wp:attachment":[{"href":"https:\/\/diarioregionaldigital.com.br\/index.php?rest_route=%2Fwp%2Fv2%2Fmedia&parent=209016"}],"wp:term":[{"taxonomy":"category","embeddable":true,"href":"https:\/\/diarioregionaldigital.com.br\/index.php?rest_route=%2Fwp%2Fv2%2Fcategories&post=209016"},{"taxonomy":"post_tag","embeddable":true,"href":"https:\/\/diarioregionaldigital.com.br\/index.php?rest_route=%2Fwp%2Fv2%2Ftags&post=209016"}],"curies":[{"name":"wp","href":"https:\/\/api.w.org\/{rel}","templated":true}]}}