{"id":209010,"date":"2023-01-12T17:57:11","date_gmt":"2023-01-12T20:57:11","guid":{"rendered":"https:\/\/diarioregionaldigital.com.br\/?p=209010"},"modified":"2023-01-12T17:57:11","modified_gmt":"2023-01-12T20:57:11","slug":"catarinense-e-primeira-brasileira-a-competir-como-pilota-no-rali-dakar","status":"publish","type":"post","link":"https:\/\/diarioregionaldigital.com.br\/?p=209010","title":{"rendered":"Catarinense \u00e9 primeira brasileira a competir como pilota no rali Dakar"},"content":{"rendered":"<p>A edi\u00e7\u00e3o 2023 do rali Dakar, disputado na Ar\u00e1bia Saudita e considerado o maior do mundo, tem, pela primeira vez, uma piloto brasileira. A catarinense P\u00e2mela Bozzano, de 33 anos, compete na categoria prot\u00f3tipos leves, ao lado do navegador Carlos Sachs.<img decoding=\"async\" src=\"https:\/\/agenciabrasil.ebc.com.br\/ebc.png?id=1503974&amp;o=node\" \/><img decoding=\"async\" src=\"https:\/\/agenciabrasil.ebc.com.br\/ebc.gif?id=1503974&amp;o=node\" \/><\/p>\n<p>P\u00e2mela foi atleta de marcha atl\u00e9tica e participa de eventos de rali desde 2020. No ano passado, ela venceu os ralis RN1500 e Jalap\u00e3o, al\u00e9m do tradicional Rally dos Sert\u00f5es, este \u00faltimo com o marido, \u00canio Bozzano, como navegador. As disputas foram na categoria de UTVs (Utility Task Vehicles, ou ve\u00edculos utilit\u00e1rios multitarefa, na tradu\u00e7\u00e3o do ingl\u00eas).<\/p>\n<blockquote><p>&#8220;Meu esposo me perguntou se n\u00e3o queria ser navegadora dele. Eu gostei da ideia, mas logo percebi que queria acelerar, frear&#8230; Pilotar mesmo. Ele gostou da ideia, me incentivou e arrumou um carro para testar. Tempos depois, fomos para o Jalap\u00e3o, um deserto no Tocantins, disputar minha primeira corrida&#8221;, recorda a piloto, em comunicado \u00e0 imprensa.<\/p><\/blockquote>\n<p>Antes da catarinense, a jornalista carioca Leilane Neubarth fez hist\u00f3ria em 1999, ao ser a primeira brasileira\u00a0a competir no Dakar. Na ocasi\u00e3o, Leilane foi navegadora de uma tripula\u00e7\u00e3o que tinha Andr\u00e9 Azevedo como piloto e o tcheco Tomas Tomecek como mec\u00e2nico.<\/p>\n<p>P\u00e2mela \u00e9 uma das 51 mulheres inscritas no Dakar. A Fran\u00e7a, com 12 participantes, \u00e9 o pa\u00eds com mais representantes. A categoria da catarinense, por sua vez, \u00e9 a que\u00a0tem mais corredoras: dez, entre elas, a espanhola Cristina Gutierrez, que, em 2020, tornou-se a primeira concorrente feminina a ganhar uma etapa do rali, ap\u00f3s 16 anos.<\/p>\n<p>Restando tr\u00eas dias para o fim desta edi\u00e7\u00e3o do Dakar, P\u00e2mela e Carlos est\u00e3o em 34\u00ba lugar da classifica\u00e7\u00e3o dos Prot\u00f3tipos Leves. Na etapa desta\u00a0quinta-feira (12), em que foram percorridos 427 quil\u00f4metros (km), eles ficaram na 27\u00aa coloca\u00e7\u00e3o. A classifica\u00e7\u00e3o geral da categoria tem, na lideran\u00e7a, a parceria do navegador brasileiro Gustavo Gugelmin com o piloto norte-americano Austin Jones, campe\u00e3 em 2022 na categoria de UTVs. A dupla de \u00canio (piloto) com Luciano Gomes (navegador) ocupa a 36\u00aa posi\u00e7\u00e3o.<\/p>\n<h2>Na briga<\/h2>\n<p>Na categoria de carros &#8211; a principal do Dakar, com 73 inscritos &#8211;\u00a0o ve\u00edculo pilotado pelo brasileiro Lucas Moraes, com navega\u00e7\u00e3o do alem\u00e3o Timo Gottschalk,\u00a0est\u00e1 na vice-lideran\u00e7a, cerca de uma hora e 21 minutos atr\u00e1s da parceria do catari Nasser Al-Attiyah com o franc\u00eas Mathieu Baumel, atual campe\u00e3 da prova. Nesta\u00a0quinta, Lucas e Gottschalk finalizaram a etapa em quarto lugar, um posto \u00e0 frente de Al-Attiyah e Baumel. A vit\u00f3ria foi da dupla formada pelo franc\u00eas S\u00e9bastien Loeb (dono de nove t\u00edtulos mundiais de rali) e o belga Fabian Lurquin.<\/p>\n<p><span style=\"font-weight: 400;\">Fonte: Ag\u00eancia Brasil <\/span><\/p>\n","protected":false},"excerpt":{"rendered":"<p>A edi\u00e7\u00e3o 2023 do rali Dakar, disputado na Ar\u00e1bia Saudita e considerado o maior do mundo, tem, pela primeira vez, uma piloto brasileira. A catarinense P\u00e2mela Bozzano, de 33 anos, compete na categoria prot\u00f3tipos leves, ao lado do navegador Carlos Sachs. P\u00e2mela foi atleta de marcha atl\u00e9tica e participa de eventos de rali desde 2020. [&hellip;]<\/p>\n","protected":false},"author":246,"featured_media":209011,"comment_status":"closed","ping_status":"closed","sticky":false,"template":"","format":"standard","meta":{"footnotes":""},"categories":[436,440,257,439],"tags":[],"class_list":["post-209010","post","type-post","status-publish","format-standard","has-post-thumbnail","hentry","category-destaque-da-semana","category-destaques-do-dia","category-esporte","category-ultima-hora"],"_links":{"self":[{"href":"https:\/\/diarioregionaldigital.com.br\/index.php?rest_route=\/wp\/v2\/posts\/209010","targetHints":{"allow":["GET"]}}],"collection":[{"href":"https:\/\/diarioregionaldigital.com.br\/index.php?rest_route=\/wp\/v2\/posts"}],"about":[{"href":"https:\/\/diarioregionaldigital.com.br\/index.php?rest_route=\/wp\/v2\/types\/post"}],"author":[{"embeddable":true,"href":"https:\/\/diarioregionaldigital.com.br\/index.php?rest_route=\/wp\/v2\/users\/246"}],"replies":[{"embeddable":true,"href":"https:\/\/diarioregionaldigital.com.br\/index.php?rest_route=%2Fwp%2Fv2%2Fcomments&post=209010"}],"version-history":[{"count":1,"href":"https:\/\/diarioregionaldigital.com.br\/index.php?rest_route=\/wp\/v2\/posts\/209010\/revisions"}],"predecessor-version":[{"id":209012,"href":"https:\/\/diarioregionaldigital.com.br\/index.php?rest_route=\/wp\/v2\/posts\/209010\/revisions\/209012"}],"wp:featuredmedia":[{"embeddable":true,"href":"https:\/\/diarioregionaldigital.com.br\/index.php?rest_route=\/wp\/v2\/media\/209011"}],"wp:attachment":[{"href":"https:\/\/diarioregionaldigital.com.br\/index.php?rest_route=%2Fwp%2Fv2%2Fmedia&parent=209010"}],"wp:term":[{"taxonomy":"category","embeddable":true,"href":"https:\/\/diarioregionaldigital.com.br\/index.php?rest_route=%2Fwp%2Fv2%2Fcategories&post=209010"},{"taxonomy":"post_tag","embeddable":true,"href":"https:\/\/diarioregionaldigital.com.br\/index.php?rest_route=%2Fwp%2Fv2%2Ftags&post=209010"}],"curies":[{"name":"wp","href":"https:\/\/api.w.org\/{rel}","templated":true}]}}