{"id":209007,"date":"2023-01-12T17:53:46","date_gmt":"2023-01-12T20:53:46","guid":{"rendered":"https:\/\/diarioregionaldigital.com.br\/?p=209007"},"modified":"2023-01-12T17:53:46","modified_gmt":"2023-01-12T20:53:46","slug":"pgr-pede-inquerito-para-identificar-mentores-de-atos-de-domingo","status":"publish","type":"post","link":"https:\/\/diarioregionaldigital.com.br\/?p=209007","title":{"rendered":"PGR pede inqu\u00e9rito para identificar mentores de atos de domingo"},"content":{"rendered":"<p>A Procuradoria-Geral da Rep\u00fablica (PGR) pediu hoje (12) ao Supremo Tribunal Federal (STF) abertura de inqu\u00e9rito para identificar os autores intelectuais dos atos antidemocr\u00e1ticos de domingo (8), que resultaram na invas\u00e3o e depreda\u00e7\u00e3o das sedes dos Tr\u00eas Poderes.<img decoding=\"async\" src=\"https:\/\/agenciabrasil.ebc.com.br\/ebc.png?id=1504016&amp;o=node\" \/><img decoding=\"async\" src=\"https:\/\/agenciabrasil.ebc.com.br\/ebc.gif?id=1504016&amp;o=node\" \/><\/p>\n<p>A investiga\u00e7\u00e3o tamb\u00e9m mira os financiadores, os executores dos atos e a\u00a0responsabilidade de autoridades p\u00fablicas.<\/p>\n<p>A PGR adotou como linha de investiga\u00e7\u00e3o a apura\u00e7\u00e3o das condutas omissiva (praticados por meio de conduta negativa, por ina\u00e7\u00e3o) e comissiva (cometidos de maneira positiva) dos investigados. Segundo a Procuradoria da Rep\u00fablica, a medida vai permitir agilidade no processo, que tamb\u00e9m vai levar em conta postagens feitas nas redes sociais por pessoas que participaram dos atos.<\/p>\n<p>Na ter\u00e7a-feira (10), a PGR tamb\u00e9m pediu a abertura de inqu\u00e9rito para investigar o\u00a0<a href=\"https:\/\/agenciabrasil.ebc.com.br\/politica\/noticia\/2023-01\/julgamento-no-stf-termina-em-9-2-para-afastar-governador-do-df\" target=\"_blank\" rel=\"noopener\">governador afastado do Distrito Federal, Ibaneis Rocha<\/a>, e o<a href=\"https:\/\/agenciabrasil.ebc.com.br\/justica\/noticia\/2023-01\/anderson-torres-voltara-ao-brasil-logo-que-possivel-diz-advogado\" target=\"_blank\" rel=\"noopener\">\u00a0ex-secret\u00e1rio de Seguran\u00e7a P\u00fablica Anderson Torres<\/a>.<\/p>\n<p><span style=\"font-weight: 400;\">Fonte: Ag\u00eancia Brasi<\/span><\/p>\n","protected":false},"excerpt":{"rendered":"<p>A Procuradoria-Geral da Rep\u00fablica (PGR) pediu hoje (12) ao Supremo Tribunal Federal (STF) abertura de inqu\u00e9rito para identificar os autores intelectuais dos atos antidemocr\u00e1ticos de domingo (8), que resultaram na invas\u00e3o e depreda\u00e7\u00e3o das sedes dos Tr\u00eas Poderes. A investiga\u00e7\u00e3o tamb\u00e9m mira os financiadores, os executores dos atos e a\u00a0responsabilidade de autoridades p\u00fablicas. A PGR [&hellip;]<\/p>\n","protected":false},"author":246,"featured_media":209008,"comment_status":"closed","ping_status":"closed","sticky":false,"template":"","format":"standard","meta":{"footnotes":""},"categories":[436,254,439],"tags":[],"class_list":["post-209007","post","type-post","status-publish","format-standard","has-post-thumbnail","hentry","category-destaque-da-semana","category-politica","category-ultima-hora"],"_links":{"self":[{"href":"https:\/\/diarioregionaldigital.com.br\/index.php?rest_route=\/wp\/v2\/posts\/209007","targetHints":{"allow":["GET"]}}],"collection":[{"href":"https:\/\/diarioregionaldigital.com.br\/index.php?rest_route=\/wp\/v2\/posts"}],"about":[{"href":"https:\/\/diarioregionaldigital.com.br\/index.php?rest_route=\/wp\/v2\/types\/post"}],"author":[{"embeddable":true,"href":"https:\/\/diarioregionaldigital.com.br\/index.php?rest_route=\/wp\/v2\/users\/246"}],"replies":[{"embeddable":true,"href":"https:\/\/diarioregionaldigital.com.br\/index.php?rest_route=%2Fwp%2Fv2%2Fcomments&post=209007"}],"version-history":[{"count":1,"href":"https:\/\/diarioregionaldigital.com.br\/index.php?rest_route=\/wp\/v2\/posts\/209007\/revisions"}],"predecessor-version":[{"id":209009,"href":"https:\/\/diarioregionaldigital.com.br\/index.php?rest_route=\/wp\/v2\/posts\/209007\/revisions\/209009"}],"wp:featuredmedia":[{"embeddable":true,"href":"https:\/\/diarioregionaldigital.com.br\/index.php?rest_route=\/wp\/v2\/media\/209008"}],"wp:attachment":[{"href":"https:\/\/diarioregionaldigital.com.br\/index.php?rest_route=%2Fwp%2Fv2%2Fmedia&parent=209007"}],"wp:term":[{"taxonomy":"category","embeddable":true,"href":"https:\/\/diarioregionaldigital.com.br\/index.php?rest_route=%2Fwp%2Fv2%2Fcategories&post=209007"},{"taxonomy":"post_tag","embeddable":true,"href":"https:\/\/diarioregionaldigital.com.br\/index.php?rest_route=%2Fwp%2Fv2%2Ftags&post=209007"}],"curies":[{"name":"wp","href":"https:\/\/api.w.org\/{rel}","templated":true}]}}