{"id":209004,"date":"2023-01-12T17:51:53","date_gmt":"2023-01-12T20:51:53","guid":{"rendered":"https:\/\/diarioregionaldigital.com.br\/?p=209004"},"modified":"2023-01-12T17:51:53","modified_gmt":"2023-01-12T20:51:53","slug":"gastos-com-cartao-corporativo-de-ex-presidentes-sao-liberados","status":"publish","type":"post","link":"https:\/\/diarioregionaldigital.com.br\/?p=209004","title":{"rendered":"Gastos com cart\u00e3o corporativo de ex-presidentes s\u00e3o liberados"},"content":{"rendered":"<p>O governo federal tornou p\u00fablico, nesta quinta-feira (12), os\u00a0<a href=\"https:\/\/www.gov.br\/secretariageral\/pt-br\/acesso-a-informacao\/informacoes-classificadas-e-desclassificadas\/Planilha12003a2022.csv\" target=\"_blank\" rel=\"noopener\">gastos com o cart\u00e3o corporativo dos ex-presidentes da Rep\u00fablica entre 2003 e 2022<\/a>. Regido por um decreto federal, o cart\u00e3o de gastos do governo \u00e9 utilizado para pagamento de despesas materiais e presta\u00e7\u00e3o de servi\u00e7os, como hospedagem, transporte e alimenta\u00e7\u00e3o, por exemplo.<img decoding=\"async\" src=\"https:\/\/agenciabrasil.ebc.com.br\/ebc.png?id=1504021&amp;o=node\" \/><img decoding=\"async\" src=\"https:\/\/agenciabrasil.ebc.com.br\/ebc.gif?id=1504021&amp;o=node\" \/><\/p>\n<p>Segundo o ministro da Secretaria de Comunica\u00e7\u00e3o Social da Presid\u00eancia (Secom), Paulo Pimenta, a libera\u00e7\u00e3o dessas informa\u00e7\u00f5es &#8211; que abrangem os mandatos de Luiz In\u00e1cio Lula da Silva (2003-2010), Dilma Rousseff (2011-2016), Michel Temer (2016-2018) e Jair Bolsonaro (2019-2022) &#8211; atende uma determina\u00e7\u00e3o do Tribunal de Contas da Uni\u00e3o (TCU), tomada em novembro do ano passado. Desde 2017, segundo o ministro, a corte de contas discutia a forma como essas informa\u00e7\u00f5es deveriam ser divulgadas.<\/p>\n<p>Pela\u00a0<a href=\"https:\/\/www.planalto.gov.br\/ccivil_03\/_ato2011-2014\/2011\/lei\/l12527.htm\" target=\"_blank\" rel=\"noopener\">Lei de Acesso \u00e0 Informa\u00e7\u00e3o<\/a>, os dados que coloquem em risco o presidente e vice-presidente, incluindo c\u00f4njuges e familiares, deve ser mantido sob sigilo at\u00e9 o t\u00e9rmino do mandato.<\/p>\n<p>&#8220;O Ac\u00f3rd\u00e3o [do TCU] do dia 30\/11 determinou que a divulga\u00e7\u00e3o deve ser feita e com transpar\u00eancia ativa, portanto, publicada no site de transpar\u00eancia do governo&#8221;, explicou Pimenta.<\/p>\n<p>Para cumprir a determina\u00e7\u00e3o, o governo anterior teria disponibilizado os dados at\u00e9 2018, no fim de dezembro. J\u00e1 no dia 6 de janeiro, com o t\u00e9rmino do mandato de Bolsonaro, os dados do per\u00edodo 2019 a 2022 tamb\u00e9m foram inclu\u00eddos.<\/p>\n<p>A disponibiliza\u00e7\u00e3o dos n\u00fameros tamb\u00e9m \u00e9 decorrente de um pedido da ag\u00eancia Fiquem Sabendo, especializada no acesso a informa\u00e7\u00f5es p\u00fablicas.<\/p>\n<p>Pelas planilhas disponibilizadas, o ex-presidente Jair Bolsonaro, que terminou o mandato no fim do ano passado, gastou cerca R$ 27,6 milh\u00f5es entre 2019 e 2022 no cart\u00e3o corporativo. A maior parte dos gastos se refere a hospedagem (R$ 13,7 milh\u00f5es), tanto em viagens nacionais quanto internacionais; alimenta\u00e7\u00e3o e supermercado (R$ 10,2 milh\u00f5es). Tamb\u00e9m h\u00e1 gastos com abastecimento e outras despesas.<\/p>\n<h2>Recursos<\/h2>\n<p>De acordo com Paulo Pimenta, esses dados agora dispon\u00edveis sobre o cart\u00e3o corporativo presidencial n\u00e3o se referem a outros sigilos que est\u00e3o sob an\u00e1lise da Controladoria Geral da Uni\u00e3o (CGU). No dia 1\u00ba de janeiro, logo ao tomar posse, o presidente Luiz In\u00e1cio Lula da Silva assinou um decreto determinando que a CGU analisasse a necessidade de manuten\u00e7\u00e3o ou levantamento de sigilo de uma s\u00e9rie de dados.<\/p>\n<p>O ministro explicou que, ao longo dos \u00faltimos 4 anos, mais de 65 mil informa\u00e7\u00f5es solicitadas por cidad\u00e3os no Portal da Transpar\u00eancia tiveram acesso negado. Dessas, restaram 2 mil informa\u00e7\u00f5es, em que os solicitantes interpuseram recursos, e que caber\u00e1 \u00e0 CGU dar a palavra final. O \u00f3rg\u00e3o tem at\u00e9 o fim deste m\u00eas para emitir o parecer, conforme o decreto de Lula.<\/p>\n<p><span style=\"font-weight: 400;\">Fonte: Ag\u00eancia Brasil <\/span><\/p>\n","protected":false},"excerpt":{"rendered":"<p>O governo federal tornou p\u00fablico, nesta quinta-feira (12), os\u00a0gastos com o cart\u00e3o corporativo dos ex-presidentes da Rep\u00fablica entre 2003 e 2022. Regido por um decreto federal, o cart\u00e3o de gastos do governo \u00e9 utilizado para pagamento de despesas materiais e presta\u00e7\u00e3o de servi\u00e7os, como hospedagem, transporte e alimenta\u00e7\u00e3o, por exemplo. Segundo o ministro da Secretaria [&hellip;]<\/p>\n","protected":false},"author":246,"featured_media":209005,"comment_status":"closed","ping_status":"closed","sticky":false,"template":"","format":"standard","meta":{"footnotes":""},"categories":[436,254,439],"tags":[],"class_list":["post-209004","post","type-post","status-publish","format-standard","has-post-thumbnail","hentry","category-destaque-da-semana","category-politica","category-ultima-hora"],"_links":{"self":[{"href":"https:\/\/diarioregionaldigital.com.br\/index.php?rest_route=\/wp\/v2\/posts\/209004","targetHints":{"allow":["GET"]}}],"collection":[{"href":"https:\/\/diarioregionaldigital.com.br\/index.php?rest_route=\/wp\/v2\/posts"}],"about":[{"href":"https:\/\/diarioregionaldigital.com.br\/index.php?rest_route=\/wp\/v2\/types\/post"}],"author":[{"embeddable":true,"href":"https:\/\/diarioregionaldigital.com.br\/index.php?rest_route=\/wp\/v2\/users\/246"}],"replies":[{"embeddable":true,"href":"https:\/\/diarioregionaldigital.com.br\/index.php?rest_route=%2Fwp%2Fv2%2Fcomments&post=209004"}],"version-history":[{"count":1,"href":"https:\/\/diarioregionaldigital.com.br\/index.php?rest_route=\/wp\/v2\/posts\/209004\/revisions"}],"predecessor-version":[{"id":209006,"href":"https:\/\/diarioregionaldigital.com.br\/index.php?rest_route=\/wp\/v2\/posts\/209004\/revisions\/209006"}],"wp:featuredmedia":[{"embeddable":true,"href":"https:\/\/diarioregionaldigital.com.br\/index.php?rest_route=\/wp\/v2\/media\/209005"}],"wp:attachment":[{"href":"https:\/\/diarioregionaldigital.com.br\/index.php?rest_route=%2Fwp%2Fv2%2Fmedia&parent=209004"}],"wp:term":[{"taxonomy":"category","embeddable":true,"href":"https:\/\/diarioregionaldigital.com.br\/index.php?rest_route=%2Fwp%2Fv2%2Fcategories&post=209004"},{"taxonomy":"post_tag","embeddable":true,"href":"https:\/\/diarioregionaldigital.com.br\/index.php?rest_route=%2Fwp%2Fv2%2Ftags&post=209004"}],"curies":[{"name":"wp","href":"https:\/\/api.w.org\/{rel}","templated":true}]}}