{"id":209001,"date":"2023-01-12T17:45:20","date_gmt":"2023-01-12T20:45:20","guid":{"rendered":"https:\/\/diarioregionaldigital.com.br\/?p=209001"},"modified":"2023-01-12T17:45:20","modified_gmt":"2023-01-12T20:45:20","slug":"sonia-guajajara-diz-que-povos-indigenas-vivem-crise-humanitaria","status":"publish","type":"post","link":"https:\/\/diarioregionaldigital.com.br\/?p=209001","title":{"rendered":"S\u00f4nia Guajajara diz que povos ind\u00edgenas vivem crise humanit\u00e1ria"},"content":{"rendered":"<p>Em uma cerim\u00f4nia carregada de emo\u00e7\u00e3o, apenas tr\u00eas dias ap\u00f3s os atos terroristas que depredaram os pr\u00e9dios da Rep\u00fablica, S\u00f4nia Guajajara assumiu, nesta quarta-feira (11),\u00a0no Pal\u00e1cio do Planalto, o Minist\u00e9rio dos Povos Ind\u00edgenas e Anielle Franco, o Minist\u00e9rio da Igualdade Racial.<img decoding=\"async\" src=\"https:\/\/agenciabrasil.ebc.com.br\/ebc.png?id=1503751&amp;o=node\" \/><img decoding=\"async\" src=\"https:\/\/agenciabrasil.ebc.com.br\/ebc.gif?id=1503751&amp;o=node\" \/><\/p>\n<p>As cerim\u00f4nias de ambas, que n\u00e3o seriam realizadas conjuntamente, tiveram que ser remarcadas em uma s\u00f3 solenidade ap\u00f3s o vandalismo golpista do domingo (8). A uni\u00e3o acabou gerando um encontro simb\u00f3lico da riqueza ancestral que comp\u00f5e a identidade brasileira. Povos de terreiro, e sua heran\u00e7a africana, ao lado de ind\u00edgenas de diferentes etnias, coloriam o Sal\u00e3o Nobre do Pal\u00e1cio do Planalto e emocionaram as centenas de presentes.<\/p>\n<p>Desta vez, a assun\u00e7\u00e3o ministerial contou com a presen\u00e7a do pr\u00f3prio presidente Luiz In\u00e1cio Lula da Silva, que n\u00e3o acompanhou as de outros auxiliares ao longo da semana passada. Ele estava acompanhado da primeira-dama, Janja da Silva, do vice-presidente Geraldo Alckmin e ministros.<\/p>\n<h2>Viola\u00e7\u00f5es<\/h2>\n<p>Em seu discurso de posse, S\u00f4nia Guajajara, a primeira ind\u00edgena a ocupar um cargo de ministra, afirmou que os povos origin\u00e1rios vivem uma crise humanit\u00e1ria no Brasil. Ele citou como causas as invas\u00f5es de territ\u00f3rios, o desmatamento, o garimpo ilegal, a falta de assist\u00eancia adequada em sa\u00fade e saneamento, entre outros.<\/p>\n<p>&#8220;N\u00e3o \u00e9 mais poss\u00edvel convivermos com povos ind\u00edgenas submetidos a toda sorte de males, como desnutri\u00e7\u00e3o infantil e de idosos, mal\u00e1ria, viola\u00e7\u00e3o de mulheres e meninas e altos \u00edndices de suic\u00eddio. Presidente Lula, arrisco dizer, sem exagero, que muitos povos ind\u00edgenas vivem uma verdadeira crise humanit\u00e1ria em nosso pa\u00eds e agora estou aqui para trabalharmos juntos, para acabar com a normaliza\u00e7\u00e3o deste estado inconstitucional que se agravou nestes \u00faltimos anos&#8221;, afirmou.<\/p>\n<h2>Quest\u00e3o clim\u00e1tica e ambiental<\/h2>\n<p>Guajajara tamb\u00e9m falou da emerg\u00eancia clim\u00e1tica e de como os territ\u00f3rios ind\u00edgenas s\u00e3o essenciais no combate ao aquecimento global.<\/p>\n<p>&#8220;Se, antes, as demarca\u00e7\u00f5es tinham enfoque sobretudo na preserva\u00e7\u00e3o da nossa cultura, novos estudos v\u00eam demonstrando que a manuten\u00e7\u00e3o dessas \u00e1reas tem uma import\u00e2ncia ainda mais abrangente, sendo fundamentais para a estabilidade de ecossistemas em todo o planeta, assegurando qualidade de vida, inclusive nas grandes cidades. Da\u00ed a import\u00e2ncia de reconhecer os direitos origin\u00e1rios dos povos ind\u00edgenas sob as terras em que vivem&#8221;, disse a ministra.<\/p>\n<p>A nova ministra tamb\u00e9m chamou a aten\u00e7\u00e3o da sociedade para a preserva\u00e7\u00e3o do planeta. &#8220;N\u00f3s n\u00e3o somos os \u00fanicos que necessitam aqui viver. N\u00f3s apenas coabitamos a m\u00e3e Terra junto com milh\u00f5es de outras esp\u00e9cies. O desprezo por essas outras formas de vida, as pr\u00e1ticas de desmatamento intenso feitas sempre em nome da economia de curto prazo, t\u00eam efeitos devastadores para o futuro de todos n\u00f3s&#8221;, alertou.<\/p>\n<p>Guajajara aproveitou para anunciar a recria\u00e7\u00e3o do Conselho Nacional de Pol\u00edtica Indigenista, extinto em 2019, pelo governo anterior. &#8220;[O conselho] garante a participa\u00e7\u00e3o parit\u00e1ria entre representa\u00e7\u00f5es ind\u00edgenas de todos os estados brasileiros e \u00f3rg\u00e3os do executivo federal&#8221;, enfatizou a ministra.<\/p>\n<p>Ao final do discurso da ministra dos Povos Ind\u00edgenas, o povo Terena fez uma apresenta\u00e7\u00e3o da Dan\u00e7a da Ema.<\/p>\n<p><span style=\"font-weight: 400;\">Fonte: Ag\u00eancia Brasil <\/span><\/p>\n","protected":false},"excerpt":{"rendered":"<p>Em uma cerim\u00f4nia carregada de emo\u00e7\u00e3o, apenas tr\u00eas dias ap\u00f3s os atos terroristas que depredaram os pr\u00e9dios da Rep\u00fablica, S\u00f4nia Guajajara assumiu, nesta quarta-feira (11),\u00a0no Pal\u00e1cio do Planalto, o Minist\u00e9rio dos Povos Ind\u00edgenas e Anielle Franco, o Minist\u00e9rio da Igualdade Racial. As cerim\u00f4nias de ambas, que n\u00e3o seriam realizadas conjuntamente, tiveram que ser remarcadas em [&hellip;]<\/p>\n","protected":false},"author":246,"featured_media":209002,"comment_status":"closed","ping_status":"closed","sticky":false,"template":"","format":"standard","meta":{"footnotes":""},"categories":[436,254,439],"tags":[],"class_list":["post-209001","post","type-post","status-publish","format-standard","has-post-thumbnail","hentry","category-destaque-da-semana","category-politica","category-ultima-hora"],"_links":{"self":[{"href":"https:\/\/diarioregionaldigital.com.br\/index.php?rest_route=\/wp\/v2\/posts\/209001","targetHints":{"allow":["GET"]}}],"collection":[{"href":"https:\/\/diarioregionaldigital.com.br\/index.php?rest_route=\/wp\/v2\/posts"}],"about":[{"href":"https:\/\/diarioregionaldigital.com.br\/index.php?rest_route=\/wp\/v2\/types\/post"}],"author":[{"embeddable":true,"href":"https:\/\/diarioregionaldigital.com.br\/index.php?rest_route=\/wp\/v2\/users\/246"}],"replies":[{"embeddable":true,"href":"https:\/\/diarioregionaldigital.com.br\/index.php?rest_route=%2Fwp%2Fv2%2Fcomments&post=209001"}],"version-history":[{"count":1,"href":"https:\/\/diarioregionaldigital.com.br\/index.php?rest_route=\/wp\/v2\/posts\/209001\/revisions"}],"predecessor-version":[{"id":209003,"href":"https:\/\/diarioregionaldigital.com.br\/index.php?rest_route=\/wp\/v2\/posts\/209001\/revisions\/209003"}],"wp:featuredmedia":[{"embeddable":true,"href":"https:\/\/diarioregionaldigital.com.br\/index.php?rest_route=\/wp\/v2\/media\/209002"}],"wp:attachment":[{"href":"https:\/\/diarioregionaldigital.com.br\/index.php?rest_route=%2Fwp%2Fv2%2Fmedia&parent=209001"}],"wp:term":[{"taxonomy":"category","embeddable":true,"href":"https:\/\/diarioregionaldigital.com.br\/index.php?rest_route=%2Fwp%2Fv2%2Fcategories&post=209001"},{"taxonomy":"post_tag","embeddable":true,"href":"https:\/\/diarioregionaldigital.com.br\/index.php?rest_route=%2Fwp%2Fv2%2Ftags&post=209001"}],"curies":[{"name":"wp","href":"https:\/\/api.w.org\/{rel}","templated":true}]}}