{"id":208998,"date":"2023-01-12T17:42:26","date_gmt":"2023-01-12T20:42:26","guid":{"rendered":"https:\/\/diarioregionaldigital.com.br\/?p=208998"},"modified":"2023-01-12T17:42:26","modified_gmt":"2023-01-12T20:42:26","slug":"ministra-diz-que-brasil-do-futuro-precisa-responder-dividas-do-passado","status":"publish","type":"post","link":"https:\/\/diarioregionaldigital.com.br\/?p=208998","title":{"rendered":"Ministra diz que Brasil do futuro precisa responder d\u00edvidas do passado"},"content":{"rendered":"<p>A jornalista e ativista Anielle Franco assumiu o cargo de ministra da Igualdade Racial nesta quarta-feira (11), no Pal\u00e1cio do Planalto, em Bras\u00edlia, em uma solenidade que tamb\u00e9m marcou a\u00a0<a href=\"https:\/\/agenciabrasil.ebc.com.br\/politica\/noticia\/2023-01\/sonia-guajajara-diz-que-povos-indigenas-vivem-crise-humanitaria\" target=\"_blank\" rel=\"noopener\">chegada de S\u00f4nia Guajajara \u00e0 frente do Minist\u00e9rio dos Povos Ind\u00edgenas<\/a>.<img decoding=\"async\" src=\"https:\/\/agenciabrasil.ebc.com.br\/ebc.png?id=1503763&amp;o=node\" \/><img decoding=\"async\" src=\"https:\/\/agenciabrasil.ebc.com.br\/ebc.gif?id=1503763&amp;o=node\" \/><\/p>\n<p>Em um longo discurso, no qual fez um balan\u00e7o cr\u00edtico das marcas do racismo na sociedade brasileira, Anielle Franco chamou a aten\u00e7\u00e3o para a necessidade de fortalecer pol\u00edticas de repara\u00e7\u00e3o da d\u00edvida hist\u00f3rica do pa\u00eds com o povo negro.<\/p>\n<p>&#8220;N\u00e3o podemos mais ignorar ou subestimar o fato de que a ra\u00e7a e a etnia s\u00e3o determinantes para a desigualdade de oportunidades no Brasil em todos os \u00e2mbitos da vida. Pessoas negras est\u00e3o sub-representadas nos espa\u00e7os de poder e, em contrapartida, somos as que mais estamos nos espa\u00e7os de estigmatiza\u00e7\u00e3o e vulnerabilidade&#8221;, afirmou.<\/p>\n<p>Apesar de a maioria da popula\u00e7\u00e3o brasileira se autodeclarar negra, Anielle Franco disse que &#8220;\u00e9 poss\u00edvel observar que os brancos ocupam a maior parte dos cargos gerenciais, dos empregos formais e dos cargos eletivos&#8221;, acrescentando que, por outro lado, a popula\u00e7\u00e3o negra est\u00e1 no topo dos \u00edndices de desemprego, subemprego e de ocupa\u00e7\u00f5es informais, al\u00e9m de receber os menores sal\u00e1rios.<\/p>\n<p>A nova ministra cobrou o envolvimento dos n\u00e3o negros na supera\u00e7\u00e3o das desigualdades. &#8220;O Brasil do futuro precisa responder \u00e0s d\u00edvidas do passado. E \u00e9 por isso que em um governo de reconstru\u00e7\u00e3o n\u00f3s gostar\u00edamos tamb\u00e9m de falar com os n\u00e3o negros. O enfrentamento ao racismo e a promo\u00e7\u00e3o da igualdade racial \u00e9 um dever de todos n\u00f3s&#8221;, disse.<\/p>\n<h2>Propostas<\/h2>\n<p>A nova ministra da Igualdade Racial disse que, nos pr\u00f3ximos 4 anos, vai trabalhar para fortalecer a Lei de Cotas e ampliar a presen\u00e7a de jovens negros e pobres nas universidades p\u00fablicas.<\/p>\n<p>Tamb\u00e9m disse que buscar\u00e1 aumentar a visibilidade e a presen\u00e7a de servidores negros e negras em cargos de tomada de decis\u00e3o da administra\u00e7\u00e3o p\u00fablica. Ela adiantou que a pasta ainda deve relan\u00e7ar o plano Juventude Negra Viva, que promover\u00e1 a\u00e7\u00f5es que visem a redu\u00e7\u00e3o da letalidade contra a juventude negra brasileira e a amplia\u00e7\u00e3o de oportunidades para jovens brasileiros.<\/p>\n<p>Anielle Franco tamb\u00e9m mencionou o fortalecimento da pol\u00edtica nacional de sa\u00fade integral da popula\u00e7\u00e3o negra, e a necessidade garantir direitos de comunidades quilombolas e ciganas.<\/p>\n<p>As cerim\u00f4nias assun\u00e7\u00e3o de cargos de Anielle Franco e S\u00f4nia Guajajara, que seriam realizadas separadamente, tiveram que ser remarcadas em uma s\u00f3 solenidade ap\u00f3s os atos golpistas do domingo (8), que destru\u00edram os pr\u00e9dios da Rep\u00fablica, incluindo a depreda\u00e7\u00e3o do Pal\u00e1cio do Planalto.<\/p>\n<p>Desta vez, a assun\u00e7\u00e3o ministerial contou com a presen\u00e7a do pr\u00f3prio presidente Luiz In\u00e1cio Lula da Silva, que n\u00e3o acompanhou as de outros auxiliares a longo da semana passada. Ele estava acompanhado da esposa, Janja da Silva, do vice-presidente Geraldo Alckmin e ministros.<\/p>\n<p><span style=\"font-weight: 400;\">Fonte: Ag\u00eancia Brasil <\/span><\/p>\n","protected":false},"excerpt":{"rendered":"<p>A jornalista e ativista Anielle Franco assumiu o cargo de ministra da Igualdade Racial nesta quarta-feira (11), no Pal\u00e1cio do Planalto, em Bras\u00edlia, em uma solenidade que tamb\u00e9m marcou a\u00a0chegada de S\u00f4nia Guajajara \u00e0 frente do Minist\u00e9rio dos Povos Ind\u00edgenas. Em um longo discurso, no qual fez um balan\u00e7o cr\u00edtico das marcas do racismo na [&hellip;]<\/p>\n","protected":false},"author":246,"featured_media":208999,"comment_status":"closed","ping_status":"closed","sticky":false,"template":"","format":"standard","meta":{"footnotes":""},"categories":[436,254,439],"tags":[],"class_list":["post-208998","post","type-post","status-publish","format-standard","has-post-thumbnail","hentry","category-destaque-da-semana","category-politica","category-ultima-hora"],"_links":{"self":[{"href":"https:\/\/diarioregionaldigital.com.br\/index.php?rest_route=\/wp\/v2\/posts\/208998","targetHints":{"allow":["GET"]}}],"collection":[{"href":"https:\/\/diarioregionaldigital.com.br\/index.php?rest_route=\/wp\/v2\/posts"}],"about":[{"href":"https:\/\/diarioregionaldigital.com.br\/index.php?rest_route=\/wp\/v2\/types\/post"}],"author":[{"embeddable":true,"href":"https:\/\/diarioregionaldigital.com.br\/index.php?rest_route=\/wp\/v2\/users\/246"}],"replies":[{"embeddable":true,"href":"https:\/\/diarioregionaldigital.com.br\/index.php?rest_route=%2Fwp%2Fv2%2Fcomments&post=208998"}],"version-history":[{"count":1,"href":"https:\/\/diarioregionaldigital.com.br\/index.php?rest_route=\/wp\/v2\/posts\/208998\/revisions"}],"predecessor-version":[{"id":209000,"href":"https:\/\/diarioregionaldigital.com.br\/index.php?rest_route=\/wp\/v2\/posts\/208998\/revisions\/209000"}],"wp:featuredmedia":[{"embeddable":true,"href":"https:\/\/diarioregionaldigital.com.br\/index.php?rest_route=\/wp\/v2\/media\/208999"}],"wp:attachment":[{"href":"https:\/\/diarioregionaldigital.com.br\/index.php?rest_route=%2Fwp%2Fv2%2Fmedia&parent=208998"}],"wp:term":[{"taxonomy":"category","embeddable":true,"href":"https:\/\/diarioregionaldigital.com.br\/index.php?rest_route=%2Fwp%2Fv2%2Fcategories&post=208998"},{"taxonomy":"post_tag","embeddable":true,"href":"https:\/\/diarioregionaldigital.com.br\/index.php?rest_route=%2Fwp%2Fv2%2Ftags&post=208998"}],"curies":[{"name":"wp","href":"https:\/\/api.w.org\/{rel}","templated":true}]}}