{"id":208995,"date":"2023-01-12T17:39:41","date_gmt":"2023-01-12T20:39:41","guid":{"rendered":"https:\/\/diarioregionaldigital.com.br\/?p=208995"},"modified":"2023-01-12T17:39:41","modified_gmt":"2023-01-12T20:39:41","slug":"mpf-e-advogados-acionam-supremo-contra-deputados-em-atos-golpistas","status":"publish","type":"post","link":"https:\/\/diarioregionaldigital.com.br\/?p=208995","title":{"rendered":"MPF e advogados acionam Supremo contra deputados em atos golpistas"},"content":{"rendered":"<p>O Minist\u00e9rio P\u00fablico Federal (MPF) pediu nessa quarta-feira\u00a0(11) ao Supremo Tribunal Federal (STF) a abertura de inqu\u00e9rito contra os deptuados eleitos e diplomados Andr\u00e9 Fernandes (PL-CE), Clarissa T\u00e9rcio (PP-PE) e Silvia Wai\u00e3pi (PL-AP). Eles devem responder por incita\u00e7\u00e3o ao crime durante os atos golpistas que depredaram as sedes dos Tr\u00eas Poderes, em Bras\u00edlia, no \u00faltimo\u00a0domingo\u00a0(8).<img decoding=\"async\" src=\"https:\/\/agenciabrasil.ebc.com.br\/ebc.png?id=1503843&amp;o=node\" \/><img decoding=\"async\" src=\"https:\/\/agenciabrasil.ebc.com.br\/ebc.gif?id=1503843&amp;o=node\" \/><\/p>\n<p>Todos fizeram publica\u00e7\u00f5es em redes sociais e foram vistos durante atos de invas\u00e3o \u00e0s sedes\u00a0dos Tr\u00eas Poderes.\u00a0Al\u00e9m de incita\u00e7\u00e3o p\u00fablica \u00e0 pr\u00e1tica de crime, o MPF pede\u00a0o poss\u00edvel enquadramento deles no crime de tentativa de abolir o Estado Democr\u00e1tico de Direito, previsto no Artigo 359-L do C\u00f3digo Penal.<\/p>\n<p>Paralelamente, o grupo Prerrogativas \u2013 formado por advogados e juristas \u2013 tamb\u00e9m acionou o Supremo contra os mesmos deputados federais eleitos e tamb\u00e9m Carlos Jordy (PL-RJ) e Nikolas Ferreira (PL-MG). Tamb\u00e9m s\u00e3o alvos os deputados estaduais eleitos Sargento Rodrigues (PL-MG) e Walber Virgolino (PL-PB). O pedido \u00e9 para que todos sejam impedidos de tomar posse no in\u00edcio do ano legislativo.<\/p>\n<p>\u201cOra, n\u00e3o \u00e9 aceit\u00e1vel ou imagin\u00e1vel que pessoas que tenham sido eleitas como representantes do povo em um regime democr\u00e1tico, por meio de elei\u00e7\u00e3o livre, possam apoiar, incentivar e mesmo participar de atos que atentem contra o Estado Democr\u00e1tico de Direito\u201d, diz a peti\u00e7\u00e3o assinada pelo coletivo de advogados. O mesmo pedido foi encaminhada ao Tribunal Superior Eleitoral (TSE).<\/p>\n<p>As iniciativas se juntam as j\u00e1 tomadas pelos partidos PSOL e Rede, que ainda na\u00a0segunda-feira (9) pediram a inclus\u00e3o de parlamentares eleitos nas investiga\u00e7\u00f5es sobre os atos golpistas de\u00a0domingo\u00a0(8), bem como que eles sejam impedidos de assumir seus cargos.<\/p>\n<h2>Inqu\u00e9rito criminal<\/h2>\n<p>De acordo com a peti\u00e7\u00e3o do MPF, a deputada eleita Clarissa T\u00e9rcio, por exemplo, publicou em seu perfil no instagram v\u00eddeos das invas\u00f5es com a seguinte legenda: \u201cAcabamos de tomar o poder. Estamos dentro do Congresso. Todo o povo est\u00e1 aqui em cima. Isso vai ficar para a hist\u00f3ria, a hist\u00f3ria dos meus netos, dos meus bisnetos\u201d.<\/p>\n<p>Wai\u00e3pi tamb\u00e9m divulgou v\u00eddeos no domingo\u00a0com a legenda: &#8220;Povo toma a Esplanada dos Minist\u00e9rios nesse\u00a0domingo! Tomada de poder pelo povo brasileiro, insatisfeito com o governo vermelho&#8221;. Fernandes, por sua vez, publicou foto da porta do gabinete do ministro Alexandre de Moraes, no Supremo, que foi invadido e depredado.<\/p>\n<p>\u201cA estrutura normativa do crime de incita\u00e7\u00e3o ao crime de impedir ou restringir o livre exerc\u00edcio dos tr\u00eas Poderes da Uni\u00e3o, ao n\u00edvel dos seus pressupostos t\u00edpicos objetivos, est\u00e1 toda preenchida\u201d, afirmou o subprocurador-geral da Rep\u00fablica, Carlos Frederico Santos, a quem o procurador-geral da Rep\u00fablica delegou a atua\u00e7\u00e3o no caso.<\/p>\n<p>A\u00a0<strong>Ag\u00eancia Brasil<\/strong>\u00a0tenta contato com todos os parlamentares eleitos citados na reportagem.<\/p>\n<p><span style=\"font-weight: 400;\"><br \/>\n<\/span><span style=\"font-weight: 400;\">Fonte: Ag\u00eancia Brasil <\/span><\/p>\n","protected":false},"excerpt":{"rendered":"<p>O Minist\u00e9rio P\u00fablico Federal (MPF) pediu nessa quarta-feira\u00a0(11) ao Supremo Tribunal Federal (STF) a abertura de inqu\u00e9rito contra os deptuados eleitos e diplomados Andr\u00e9 Fernandes (PL-CE), Clarissa T\u00e9rcio (PP-PE) e Silvia Wai\u00e3pi (PL-AP). Eles devem responder por incita\u00e7\u00e3o ao crime durante os atos golpistas que depredaram as sedes dos Tr\u00eas Poderes, em Bras\u00edlia, no \u00faltimo\u00a0domingo\u00a0(8). [&hellip;]<\/p>\n","protected":false},"author":246,"featured_media":208996,"comment_status":"closed","ping_status":"closed","sticky":false,"template":"","format":"standard","meta":{"footnotes":""},"categories":[436,254,439],"tags":[],"class_list":["post-208995","post","type-post","status-publish","format-standard","has-post-thumbnail","hentry","category-destaque-da-semana","category-politica","category-ultima-hora"],"_links":{"self":[{"href":"https:\/\/diarioregionaldigital.com.br\/index.php?rest_route=\/wp\/v2\/posts\/208995","targetHints":{"allow":["GET"]}}],"collection":[{"href":"https:\/\/diarioregionaldigital.com.br\/index.php?rest_route=\/wp\/v2\/posts"}],"about":[{"href":"https:\/\/diarioregionaldigital.com.br\/index.php?rest_route=\/wp\/v2\/types\/post"}],"author":[{"embeddable":true,"href":"https:\/\/diarioregionaldigital.com.br\/index.php?rest_route=\/wp\/v2\/users\/246"}],"replies":[{"embeddable":true,"href":"https:\/\/diarioregionaldigital.com.br\/index.php?rest_route=%2Fwp%2Fv2%2Fcomments&post=208995"}],"version-history":[{"count":1,"href":"https:\/\/diarioregionaldigital.com.br\/index.php?rest_route=\/wp\/v2\/posts\/208995\/revisions"}],"predecessor-version":[{"id":208997,"href":"https:\/\/diarioregionaldigital.com.br\/index.php?rest_route=\/wp\/v2\/posts\/208995\/revisions\/208997"}],"wp:featuredmedia":[{"embeddable":true,"href":"https:\/\/diarioregionaldigital.com.br\/index.php?rest_route=\/wp\/v2\/media\/208996"}],"wp:attachment":[{"href":"https:\/\/diarioregionaldigital.com.br\/index.php?rest_route=%2Fwp%2Fv2%2Fmedia&parent=208995"}],"wp:term":[{"taxonomy":"category","embeddable":true,"href":"https:\/\/diarioregionaldigital.com.br\/index.php?rest_route=%2Fwp%2Fv2%2Fcategories&post=208995"},{"taxonomy":"post_tag","embeddable":true,"href":"https:\/\/diarioregionaldigital.com.br\/index.php?rest_route=%2Fwp%2Fv2%2Ftags&post=208995"}],"curies":[{"name":"wp","href":"https:\/\/api.w.org\/{rel}","templated":true}]}}