{"id":208989,"date":"2023-01-12T17:33:17","date_gmt":"2023-01-12T20:33:17","guid":{"rendered":"https:\/\/diarioregionaldigital.com.br\/?p=208989"},"modified":"2023-01-12T17:33:17","modified_gmt":"2023-01-12T20:33:17","slug":"conab-reduz-previsao-da-safra-de-graos-para-este-ano","status":"publish","type":"post","link":"https:\/\/diarioregionaldigital.com.br\/?p=208989","title":{"rendered":"Conab reduz previs\u00e3o da safra de gr\u00e3os para este ano"},"content":{"rendered":"<p>A Companhia Nacional de Abastecimento (Conab) reduziu a\u00a0<a href=\"https:\/\/agenciabrasil.ebc.com.br\/geral\/noticia\/2022-11\/presidente-da-conab-comenta-previsoes-para-safra-20222023\" target=\"_blank\" rel=\"noopener\">previs\u00e3o da safra de gr\u00e3os brasileira 2022\/23 de 312,2 milh\u00f5es<\/a>\u00a0para 310,9 milh\u00f5es de toneladas. Os dados constam do 4\u00ba Levantamento da Safra de Gr\u00e3os 2022\/2023, divulgado hoje (12). De acordo com a companhia, a revis\u00e3o se deu em raz\u00e3o do clima adverso em algumas regi\u00f5es produtoras, em especial no Rio Grande do Sul, que impactaram a produtividade principalmente de milho e soja.<img decoding=\"async\" src=\"https:\/\/agenciabrasil.ebc.com.br\/ebc.png?id=1503846&amp;o=node\" \/><img decoding=\"async\" src=\"https:\/\/agenciabrasil.ebc.com.br\/ebc.gif?id=1503846&amp;o=node\" \/><\/p>\n<p>Segundo a Conab, \u201co clima adverso, com excesso de chuvas e baixas temperaturas, atrasou a semeadura dos gr\u00e3os em parte dos estados das regi\u00f5es Sul e Sudeste. Al\u00e9m disso, tamb\u00e9m houve restri\u00e7\u00f5es h\u00eddricas, aliadas \u00e0 baixa umidade do solo em parte da Regi\u00e3o Centro-Oeste e na regi\u00e3o do Matopiba, que engloba os estados do Maranh\u00e3o, Tocantins, Piau\u00ed e Bahia\u201d.<\/p>\n<p>\u201cIsso significa uma redu\u00e7\u00e3o de 0,4% em rela\u00e7\u00e3o ao an\u00fancio passado, que foi em dezembro, em decorr\u00eancia principalmente da redu\u00e7\u00e3o da produ\u00e7\u00e3o da produtividade do milho primeira safra e da soja, causada pela restri\u00e7\u00e3o h\u00eddrica no Rio Grande do Sul\u201d, disse o presidente da Conab, Guilherme Ribeiro.<\/p>\n<p>Entretanto, o levantamento mostra que a soja, o principal produto cultivado no pa\u00eds, est\u00e1 com o plantio pr\u00f3ximo da conclus\u00e3o, com expectativa de produ\u00e7\u00e3o para a oleaginosa em 152,7 milh\u00f5es de toneladas, 22,2% superior \u00e0 da safra 2021\/22.<\/p>\n<p>A Conab disse que o plantio do milho primeira safra est\u00e1 na reta final, restando apenas \u00e1reas no Rio Grande do Sul e no Matopiba para conclu\u00edrem as opera\u00e7\u00f5es.<\/p>\n<p>\u201cAs condi\u00e7\u00f5es clim\u00e1ticas variaram nas regi\u00f5es produtoras, com excesso de precipita\u00e7\u00f5es em Goi\u00e1s e Minas Gerais, e baixos volumes ou mesmo aus\u00eancia de chuvas no Maranh\u00e3o e no sul do Brasil. A produ\u00e7\u00e3o prevista para este ciclo \u00e9 de 26,46 milh\u00f5es de toneladas, 5,7% superior ao obtido na temporada passada\u201d, disse a companhia.<\/p>\n<p>Para o arroz, a Conab prev\u00ea uma redu\u00e7\u00e3o de \u00e1rea de 9,3%, estimada em 1,5 milh\u00e3o de hectares, com previs\u00e3o de produ\u00e7\u00e3o de 10,4 milh\u00f5es de toneladas. Tamb\u00e9m \u00e9 esperado uma queda de 1,8% na \u00e1rea total prevista a ser semeada de feij\u00e3o. J\u00e1 a colheita somando as tr\u00eas safras do produto pode chegar a 2,96 milh\u00f5es de toneladas.<\/p>\n<p>Dentre as culturas de inverno, o destaque ficou o trigo, que teve a colheita encerrada. A produ\u00e7\u00e3o do cereal atingiu um novo recorde, estimada em 9,8 milh\u00f5es de toneladas, volume 27,2% acima quando comparado \u00e0 safra passada. O resultado \u00e9 influenciado tanto pelo crescimento da \u00e1rea quanto pelas boas condi\u00e7\u00f5es clim\u00e1ticas.<\/p>\n<p><span style=\"font-weight: 400;\">Fonte: Ag\u00eancia Brasil <\/span><\/p>\n","protected":false},"excerpt":{"rendered":"<p>A Companhia Nacional de Abastecimento (Conab) reduziu a\u00a0previs\u00e3o da safra de gr\u00e3os brasileira 2022\/23 de 312,2 milh\u00f5es\u00a0para 310,9 milh\u00f5es de toneladas. Os dados constam do 4\u00ba Levantamento da Safra de Gr\u00e3os 2022\/2023, divulgado hoje (12). De acordo com a companhia, a revis\u00e3o se deu em raz\u00e3o do clima adverso em algumas regi\u00f5es produtoras, em especial [&hellip;]<\/p>\n","protected":false},"author":246,"featured_media":208990,"comment_status":"closed","ping_status":"closed","sticky":false,"template":"","format":"standard","meta":{"footnotes":""},"categories":[436,261,439],"tags":[],"class_list":["post-208989","post","type-post","status-publish","format-standard","has-post-thumbnail","hentry","category-destaque-da-semana","category-economia","category-ultima-hora"],"_links":{"self":[{"href":"https:\/\/diarioregionaldigital.com.br\/index.php?rest_route=\/wp\/v2\/posts\/208989","targetHints":{"allow":["GET"]}}],"collection":[{"href":"https:\/\/diarioregionaldigital.com.br\/index.php?rest_route=\/wp\/v2\/posts"}],"about":[{"href":"https:\/\/diarioregionaldigital.com.br\/index.php?rest_route=\/wp\/v2\/types\/post"}],"author":[{"embeddable":true,"href":"https:\/\/diarioregionaldigital.com.br\/index.php?rest_route=\/wp\/v2\/users\/246"}],"replies":[{"embeddable":true,"href":"https:\/\/diarioregionaldigital.com.br\/index.php?rest_route=%2Fwp%2Fv2%2Fcomments&post=208989"}],"version-history":[{"count":1,"href":"https:\/\/diarioregionaldigital.com.br\/index.php?rest_route=\/wp\/v2\/posts\/208989\/revisions"}],"predecessor-version":[{"id":208991,"href":"https:\/\/diarioregionaldigital.com.br\/index.php?rest_route=\/wp\/v2\/posts\/208989\/revisions\/208991"}],"wp:featuredmedia":[{"embeddable":true,"href":"https:\/\/diarioregionaldigital.com.br\/index.php?rest_route=\/wp\/v2\/media\/208990"}],"wp:attachment":[{"href":"https:\/\/diarioregionaldigital.com.br\/index.php?rest_route=%2Fwp%2Fv2%2Fmedia&parent=208989"}],"wp:term":[{"taxonomy":"category","embeddable":true,"href":"https:\/\/diarioregionaldigital.com.br\/index.php?rest_route=%2Fwp%2Fv2%2Fcategories&post=208989"},{"taxonomy":"post_tag","embeddable":true,"href":"https:\/\/diarioregionaldigital.com.br\/index.php?rest_route=%2Fwp%2Fv2%2Ftags&post=208989"}],"curies":[{"name":"wp","href":"https:\/\/api.w.org\/{rel}","templated":true}]}}