{"id":208986,"date":"2023-01-12T17:30:18","date_gmt":"2023-01-12T20:30:18","guid":{"rendered":"https:\/\/diarioregionaldigital.com.br\/?p=208986"},"modified":"2023-01-12T17:30:18","modified_gmt":"2023-01-12T20:30:18","slug":"inflacao-acelerou-em-todas-as-faixas-de-renda-em-dezembro","status":"publish","type":"post","link":"https:\/\/diarioregionaldigital.com.br\/?p=208986","title":{"rendered":"Infla\u00e7\u00e3o acelerou em todas as faixas de renda em dezembro"},"content":{"rendered":"<p>As cestas de compras de todas as faixas de renda tiveram aumento em dezembro, segundo pesquisa divulgada hoje (12) pelo Instituto de Pesquisa Econ\u00f4mica e Aplicada (Ipea). O instituto destrinchou os dados do \u00cdndice de Pre\u00e7os ao Consumidor Amplo (IPCA) e aponta que o aumento de pre\u00e7os foi mais intenso para as fam\u00edlias de renda muito baixa, que ganham menos que R$ 1.726,01.<img decoding=\"async\" src=\"https:\/\/agenciabrasil.ebc.com.br\/ebc.png?id=1503898&amp;o=node\" \/><img decoding=\"async\" src=\"https:\/\/agenciabrasil.ebc.com.br\/ebc.gif?id=1503898&amp;o=node\" \/><\/p>\n<p>O Instituto Brasileiro de Geografia e Estat\u00edstica (IBGE) j\u00e1 tinha divulgado que o\u00a0<a href=\"https:\/\/agenciabrasil.ebc.com.br\/economia\/noticia\/2023-01\/inflacao-oficial-fecha-2022-em-579\" target=\"_blank\" rel=\"noopener\">\u00edndice geral fechou dezembro em 0,62%<\/a>, enquanto a varia\u00e7\u00e3o havia sido de 0,41% em novembro. Na cesta de compras das fam\u00edlias de renda muito baixa a varia\u00e7\u00e3o mensal foi de 0,71%, acima da m\u00e9dia geral, calculou o Ipea.<\/p>\n<p>As fam\u00edlias de renda baixa e m\u00e9dia baixa tamb\u00e9m tiveram infla\u00e7\u00f5es acima do \u00edndice geral, com 0,67% e 0,69%, respectivamente. Est\u00e3o inclu\u00eddas no primeiro grupo as fam\u00edlias que recebem entre R$ 1.726,01 e R$ 2.589,02. J\u00e1 no segundo, aquelas que ganham entre R$ 2.589,02 e R$ 4.315,04.<\/p>\n<p>As fatias da popula\u00e7\u00e3o classificadas como de renda m\u00e9dia, m\u00e9dia alta e alta tiveram infla\u00e7\u00e3o menos intensa que as mais pobres em dezembro. Mesmo assim, o \u00edndice tamb\u00e9m foi superior ao de novembro. Os percentuais foram de 0,62%, 0,59% e 0,50%, respectivamente.<\/p>\n<p>\u00c9 considerada fam\u00edlia de renda m\u00e9dia pelo Ipea aquela que soma entre R$ 4.315,04 e R$ 8.630,07 por m\u00eas. Em seguida, o grupo de renda m\u00e9dia alta ganha entre R$ 8.630,07 e R$ 17.260,14. J\u00e1 o grupo de renda alta tem ganhos mensais superiores a R$ 17.260,14.<\/p>\n<h2>Sa\u00fade e alimenta\u00e7\u00e3o<\/h2>\n<p>Uma das causas do maior impacto da infla\u00e7\u00e3o pesar nas cestas de compras de fam\u00edlias mais pobres foi a alta nos pre\u00e7os no grupo de alimenta\u00e7\u00e3o e bebidas. Essas fam\u00edlias s\u00e3o as que gastam o maior percentual de suas rendas com alimenta\u00e7\u00e3o, e, por isso, acabam mais afetadas. O outro grupo que exerce press\u00e3o \u00e9 da sa\u00fade e cuidados pessoais, que teve um impacto mais equilibrado entre as faixas de renda, mas tamb\u00e9m pesou mais na cesta de compras dos mais pobres.<\/p>\n<p>Segundo o Ipea, esses dois grupos de gastos respondem por mais da metade da infla\u00e7\u00e3o das fam\u00edlias de renda muito baixa, com 0,43 ponto percentual dos 0,71% de infla\u00e7\u00e3o. Entre as fam\u00edlias de renda alta, esses mesmos grupos correspondem a 0,21 ponto percentual dos 0,50% de infla\u00e7\u00e3o.<\/p>\n<h2>Acumulado em 2022<\/h2>\n<p>Com o fechamento de dezembro, o \u00edndice de infla\u00e7\u00e3o geral de 2022 foi de 5,78%, uma desacelera\u00e7\u00e3o em rela\u00e7\u00e3o a 2021, quando somou 10,06%. Apesar da queda,\u00a0<a href=\"https:\/\/agenciabrasil.ebc.com.br\/economia\/noticia\/2023-01\/banco-central-commodities-e-inercia-pressionaram-inflacao-em-2022#:~:text=Segundo%20o%20documento%2C%20a%20autoridade,de%201%2C5%20ponto%20percentual\" target=\"_blank\" rel=\"noopener\">o indicador ficou acima da meta estipulada pelo Banco Central<\/a>, que era um \u00edndice de, no m\u00e1ximo, 5%.<\/p>\n<p>O Ipea destaca que, &#8220;ao contr\u00e1rio do ocorrido no tri\u00eanio anterior (2019-2021), a infla\u00e7\u00e3o acumulada em 2022 foi menor para o segmento de renda muito baixa (6,35%) relativamente ao observado na faixa de renda alta (6,83%)&#8221;. A menor taxa de 2022 foi verificada na classe de renda m\u00e9dia baixa, de 5,59%.<\/p>\n<p>A maior press\u00e3o inflacion\u00e1ria no ano de 2022 veio do grupo alimenta\u00e7\u00e3o e bebidas, com destaque para cereais (8,7%), farinhas e massas (22,7%), tub\u00e9rculos (40,2%), frutas (24,0%), leite e derivados (22,1%), aves e ovos (7,9%) e panificados (20,6%). Para as fam\u00edlias de renda muito baixa e baixa, mais da metade da infla\u00e7\u00e3o veio desse grupo.<\/p>\n<p><span style=\"font-weight: 400;\">Fonte: Ag\u00eancia Brasil <\/span><\/p>\n","protected":false},"excerpt":{"rendered":"<p>As cestas de compras de todas as faixas de renda tiveram aumento em dezembro, segundo pesquisa divulgada hoje (12) pelo Instituto de Pesquisa Econ\u00f4mica e Aplicada (Ipea). O instituto destrinchou os dados do \u00cdndice de Pre\u00e7os ao Consumidor Amplo (IPCA) e aponta que o aumento de pre\u00e7os foi mais intenso para as fam\u00edlias de renda [&hellip;]<\/p>\n","protected":false},"author":246,"featured_media":208987,"comment_status":"closed","ping_status":"closed","sticky":false,"template":"","format":"standard","meta":{"footnotes":""},"categories":[436,261,439],"tags":[],"class_list":["post-208986","post","type-post","status-publish","format-standard","has-post-thumbnail","hentry","category-destaque-da-semana","category-economia","category-ultima-hora"],"_links":{"self":[{"href":"https:\/\/diarioregionaldigital.com.br\/index.php?rest_route=\/wp\/v2\/posts\/208986","targetHints":{"allow":["GET"]}}],"collection":[{"href":"https:\/\/diarioregionaldigital.com.br\/index.php?rest_route=\/wp\/v2\/posts"}],"about":[{"href":"https:\/\/diarioregionaldigital.com.br\/index.php?rest_route=\/wp\/v2\/types\/post"}],"author":[{"embeddable":true,"href":"https:\/\/diarioregionaldigital.com.br\/index.php?rest_route=\/wp\/v2\/users\/246"}],"replies":[{"embeddable":true,"href":"https:\/\/diarioregionaldigital.com.br\/index.php?rest_route=%2Fwp%2Fv2%2Fcomments&post=208986"}],"version-history":[{"count":1,"href":"https:\/\/diarioregionaldigital.com.br\/index.php?rest_route=\/wp\/v2\/posts\/208986\/revisions"}],"predecessor-version":[{"id":208988,"href":"https:\/\/diarioregionaldigital.com.br\/index.php?rest_route=\/wp\/v2\/posts\/208986\/revisions\/208988"}],"wp:featuredmedia":[{"embeddable":true,"href":"https:\/\/diarioregionaldigital.com.br\/index.php?rest_route=\/wp\/v2\/media\/208987"}],"wp:attachment":[{"href":"https:\/\/diarioregionaldigital.com.br\/index.php?rest_route=%2Fwp%2Fv2%2Fmedia&parent=208986"}],"wp:term":[{"taxonomy":"category","embeddable":true,"href":"https:\/\/diarioregionaldigital.com.br\/index.php?rest_route=%2Fwp%2Fv2%2Fcategories&post=208986"},{"taxonomy":"post_tag","embeddable":true,"href":"https:\/\/diarioregionaldigital.com.br\/index.php?rest_route=%2Fwp%2Fv2%2Ftags&post=208986"}],"curies":[{"name":"wp","href":"https:\/\/api.w.org\/{rel}","templated":true}]}}