{"id":208974,"date":"2023-01-12T00:42:41","date_gmt":"2023-01-12T03:42:41","guid":{"rendered":"https:\/\/diarioregionaldigital.com.br\/?p=208974"},"modified":"2023-01-12T00:46:11","modified_gmt":"2023-01-12T03:46:11","slug":"prefeitura-municipal-de-descoberto-licitacao-no-001-12-01-2023","status":"publish","type":"post","link":"https:\/\/diarioregionaldigital.com.br\/?p=208974","title":{"rendered":"Prefeitura Municipal de Descoberto &#8211; Licita\u00e7\u00e3o n\u00ba 001 &#8211; 12\/01\/2023"},"content":{"rendered":"<p style=\"text-align: center;\"><strong>AVISO DE ADES\u00c3O A LICITA\u00c7\u00c3O &#8211; &#8220;CARONA&#8221;<\/strong><\/p>\n<p style=\"text-align: center;\"><strong>Licita\u00e7\u00e3o n\u00b0 001\/2023<\/strong><\/p>\n<p style=\"text-align: center;\"><strong>Termo de Ades\u00e3o a Licita\u00e7\u00e3o<\/strong><\/p>\n<p style=\"text-align: center;\">O Munic\u00edpio de DESCOBERTO, na forma da lei, faz saber a todos quantos o presente virem, ou dele conhecimento tiverem, que aderiu a licita\u00e7\u00e3o n\u00b0 081\/2022 promovida pelo CONS\u00d3RCIO INTERMUNICIPAL DE ESPECIALIDADES &#8211; CIESP desenvolvida sob a modalidade de Preg\u00e3o n\u00b0 033, desenvolvida sob o sistema de registro de pre\u00e7os. Por conta da referida ades\u00e3o, foi firmado o contrato n\u00b0 ATA 001\/2023 a ATA 007\/2023 tendo como partes o munic\u00edpio DESCOBERTO e as empresas ASTRA MEDICAL SUPPLY PRODUTOS MEDICOS E HOSPITALARES LTDA no valor de R$5.500,00, EREMIX IND\u00daSTRIA DE ALIMENTOS ESPECIAIS LTDA no valor de R$ 20.613,10, HASSEN RAAD DISTRIBUIDORA DE MEDICAMENTOS E PRODUTOS NUTRICIONAIS LTDA no valor de R$12.992,50, LEONE &amp; COLDIBELLI COMERCIO E DISTRIBUI\u00c7\u00c3O DE PRODUTOS NUTRICIONAIS LTDA no valor de R$83.437,00, NUTICIONAL FARMA LTDA no valor de R$98.007,00, NUTRIR DISTRIBUIDORA DE PRODUTOS PARA TERAPIA NUTRICIONAL LTDA no valor de R$7.100,00, TRES PHARMA DISTRIBUIDORA E SERVI\u00c7OS LTDA no valor de R$4.198,50, cuja \u00edntegra se encontra arquivada e a disposi\u00e7\u00e3o para consulta. Para conhecimento de todos os interessados, expediu-se o presente que ser\u00e1 afixado no lugar de costume, publicando-se na forma da lei. DESCOBERTO, dia 4 de janeiro de 2023.<\/p>\n","protected":false},"excerpt":{"rendered":"<p>AVISO DE ADES\u00c3O A LICITA\u00c7\u00c3O &#8211; &#8220;CARONA&#8221; Licita\u00e7\u00e3o n\u00b0 001\/2023 Termo de Ades\u00e3o a Licita\u00e7\u00e3o O Munic\u00edpio de DESCOBERTO, na forma da lei, faz saber a todos quantos o presente virem, ou dele conhecimento tiverem, que aderiu a licita\u00e7\u00e3o n\u00b0 081\/2022 promovida pelo CONS\u00d3RCIO INTERMUNICIPAL DE ESPECIALIDADES &#8211; CIESP desenvolvida sob a modalidade de Preg\u00e3o [&hellip;]<\/p>\n","protected":false},"author":96,"featured_media":0,"comment_status":"closed","ping_status":"closed","sticky":false,"template":"","format":"standard","meta":{"footnotes":""},"categories":[307],"tags":[],"class_list":["post-208974","post","type-post","status-publish","format-standard","hentry","category-editais"],"_links":{"self":[{"href":"https:\/\/diarioregionaldigital.com.br\/index.php?rest_route=\/wp\/v2\/posts\/208974","targetHints":{"allow":["GET"]}}],"collection":[{"href":"https:\/\/diarioregionaldigital.com.br\/index.php?rest_route=\/wp\/v2\/posts"}],"about":[{"href":"https:\/\/diarioregionaldigital.com.br\/index.php?rest_route=\/wp\/v2\/types\/post"}],"author":[{"embeddable":true,"href":"https:\/\/diarioregionaldigital.com.br\/index.php?rest_route=\/wp\/v2\/users\/96"}],"replies":[{"embeddable":true,"href":"https:\/\/diarioregionaldigital.com.br\/index.php?rest_route=%2Fwp%2Fv2%2Fcomments&post=208974"}],"version-history":[{"count":2,"href":"https:\/\/diarioregionaldigital.com.br\/index.php?rest_route=\/wp\/v2\/posts\/208974\/revisions"}],"predecessor-version":[{"id":208978,"href":"https:\/\/diarioregionaldigital.com.br\/index.php?rest_route=\/wp\/v2\/posts\/208974\/revisions\/208978"}],"wp:attachment":[{"href":"https:\/\/diarioregionaldigital.com.br\/index.php?rest_route=%2Fwp%2Fv2%2Fmedia&parent=208974"}],"wp:term":[{"taxonomy":"category","embeddable":true,"href":"https:\/\/diarioregionaldigital.com.br\/index.php?rest_route=%2Fwp%2Fv2%2Fcategories&post=208974"},{"taxonomy":"post_tag","embeddable":true,"href":"https:\/\/diarioregionaldigital.com.br\/index.php?rest_route=%2Fwp%2Fv2%2Ftags&post=208974"}],"curies":[{"name":"wp","href":"https:\/\/api.w.org\/{rel}","templated":true}]}}