{"id":208967,"date":"2023-01-11T18:49:38","date_gmt":"2023-01-11T21:49:38","guid":{"rendered":"https:\/\/diarioregionaldigital.com.br\/?p=208967"},"modified":"2023-01-11T18:49:38","modified_gmt":"2023-01-11T21:49:38","slug":"pjf-entra-na-reta-final-de-recapeamento-na-avenida-dr-paulo-japiassu-coelho","status":"publish","type":"post","link":"https:\/\/diarioregionaldigital.com.br\/?p=208967","title":{"rendered":"PJF entra na reta final de recapeamento na Avenida Dr. Paulo Japiassu Coelho"},"content":{"rendered":"<p>Segundo informa\u00e7\u00f5es do site da Prefeitura de Juiz de Fora (PJF), na manh\u00e3 desta quarta-feira, 11, a Prefeitura de Juiz de Fora (PJF) deu sequ\u00eancia ao recapeamento na Avenida Dr. Paulo Japiassu Coelho, no bairro Cascatinha. J\u00e1 na reta final dos trabalhos, a equipe da PJF que atua no local aplicou, somente nesta quarta, cerca de 110 toneladas de massa asf\u00e1ltica, recapeando cerca de 200 metros.<\/p>\n<p>Os trabalhos, interrompidos pelas chuvas constantes dos \u00faltimos dias, foram iniciados na \u00faltima semana de dezembro e devem ser conclu\u00eddos at\u00e9 a pr\u00f3xima sexta-feira, 13. No total, ser\u00e3o recapeados 1,6 km da via, sendo 800 metros de extens\u00e3o de cada lado.<\/p>\n<p>Espera-se que com a interven\u00e7\u00e3o o tr\u00e2nsito, que j\u00e1 \u00e9 intenso na regi\u00e3o, fique mais fluido, seguro e confort\u00e1vel para quem transita pela avenida. Al\u00e9m dos impactos diretos para a popula\u00e7\u00e3o, a revitaliza\u00e7\u00e3o do asfalto aumenta a vida \u00fatil do pavimento em mais de cinco anos.<br \/>\n<strong>Trabalhos seguem no Vale Verde<\/strong><\/p>\n<p>Al\u00e9m da Avenida Dr. Paulo Japiassu Coelho, trabalhadores da Empresa Municipal de Pavimenta\u00e7\u00e3o e Urbanidades (Empav) seguem com a pavimenta\u00e7\u00e3o asf\u00e1ltica na Rua Maria Aparecida Martins, no bairro Vale Verde. A via, localizada na zona sul da cidade, faz liga\u00e7\u00e3o entre diversos bairros, como Ipiranga, Arco-\u00cdris, e outros.<\/p>\n<p>No total, ser\u00e3o pavimentados 617 metros de extens\u00e3o da rua, facilitando o acesso de pedestres e\u00a0 motoristas, al\u00e9m de trazer mais qualidade de vida para os moradores de toda a regi\u00e3o.\u00a0A depender da estabilidade do tempo, os trabalhos no Vale Verde devem ser conclu\u00eddos at\u00e9 o final de janeiro.<\/p>\n","protected":false},"excerpt":{"rendered":"<p>Segundo informa\u00e7\u00f5es do site da Prefeitura de Juiz de Fora (PJF), na manh\u00e3 desta quarta-feira, 11, a Prefeitura de Juiz de Fora (PJF) deu sequ\u00eancia ao recapeamento na Avenida Dr. Paulo Japiassu Coelho, no bairro Cascatinha. J\u00e1 na reta final dos trabalhos, a equipe da PJF que atua no local aplicou, somente nesta quarta, cerca [&hellip;]<\/p>\n","protected":false},"author":246,"featured_media":208968,"comment_status":"closed","ping_status":"closed","sticky":false,"template":"","format":"standard","meta":{"footnotes":""},"categories":[253,436,439],"tags":[],"class_list":["post-208967","post","type-post","status-publish","format-standard","has-post-thumbnail","hentry","category-cidade","category-destaque-da-semana","category-ultima-hora"],"_links":{"self":[{"href":"https:\/\/diarioregionaldigital.com.br\/index.php?rest_route=\/wp\/v2\/posts\/208967","targetHints":{"allow":["GET"]}}],"collection":[{"href":"https:\/\/diarioregionaldigital.com.br\/index.php?rest_route=\/wp\/v2\/posts"}],"about":[{"href":"https:\/\/diarioregionaldigital.com.br\/index.php?rest_route=\/wp\/v2\/types\/post"}],"author":[{"embeddable":true,"href":"https:\/\/diarioregionaldigital.com.br\/index.php?rest_route=\/wp\/v2\/users\/246"}],"replies":[{"embeddable":true,"href":"https:\/\/diarioregionaldigital.com.br\/index.php?rest_route=%2Fwp%2Fv2%2Fcomments&post=208967"}],"version-history":[{"count":1,"href":"https:\/\/diarioregionaldigital.com.br\/index.php?rest_route=\/wp\/v2\/posts\/208967\/revisions"}],"predecessor-version":[{"id":208969,"href":"https:\/\/diarioregionaldigital.com.br\/index.php?rest_route=\/wp\/v2\/posts\/208967\/revisions\/208969"}],"wp:featuredmedia":[{"embeddable":true,"href":"https:\/\/diarioregionaldigital.com.br\/index.php?rest_route=\/wp\/v2\/media\/208968"}],"wp:attachment":[{"href":"https:\/\/diarioregionaldigital.com.br\/index.php?rest_route=%2Fwp%2Fv2%2Fmedia&parent=208967"}],"wp:term":[{"taxonomy":"category","embeddable":true,"href":"https:\/\/diarioregionaldigital.com.br\/index.php?rest_route=%2Fwp%2Fv2%2Fcategories&post=208967"},{"taxonomy":"post_tag","embeddable":true,"href":"https:\/\/diarioregionaldigital.com.br\/index.php?rest_route=%2Fwp%2Fv2%2Ftags&post=208967"}],"curies":[{"name":"wp","href":"https:\/\/api.w.org\/{rel}","templated":true}]}}