{"id":208963,"date":"2023-01-11T18:48:31","date_gmt":"2023-01-11T21:48:31","guid":{"rendered":"https:\/\/diarioregionaldigital.com.br\/?p=208963"},"modified":"2023-01-11T18:48:31","modified_gmt":"2023-01-11T21:48:31","slug":"abertas-inscricoes-para-o-projeto-cavaco-delas-na-casa-da-mulher","status":"publish","type":"post","link":"https:\/\/diarioregionaldigital.com.br\/?p=208963","title":{"rendered":"Abertas inscri\u00e7\u00f5es para o projeto Cavaco Delas na Casa da Mulher"},"content":{"rendered":"<p>Segundo informa\u00e7\u00f5es do site da Prefeitura de Juiz de Fora (PJF), est\u00e3o abertas as inscri\u00e7\u00f5es para o projeto \u201cCavaco Delas\u201d, uma iniciativa da Prefeitura de Juiz de Fora (PJF) e do Instituto Albert Sabin por meio de emenda parlamentar da vereadora Laiz Perrut. Ser\u00e3o ofertadas \u00e0s mulheres participantes de coletivos e movimentos sociais aulas de cavaquinho atreladas a exerc\u00edcios de consci\u00eancia e desenvolvimento corporal. O intuito \u00e9 possibilitar espa\u00e7o de viv\u00eancia musical, interc\u00e2mbio entre os coletivos, al\u00e9m de estimular o protagonismo das mulheres na execu\u00e7\u00e3o do instrumento e, consequentemente, nas rodas de samba da cidade.<\/p>\n<p>As aulas ter\u00e3o in\u00edcio dia 1\u00ba de fevereiro e acontecer\u00e3o \u00e0s quartas-feiras, de 18h30 \u00e0s 20h, na Casa da Mulher, vinculada \u00e0 Secretaria Especial de Direitos Humanos (SEDH) da PJF. O espa\u00e7o fica situado na Avenida\u00a0Garibaldi Campinhos, 169, Vitorino Braga.<\/p>\n<p>As oficinas ser\u00e3o conduzidas pela cavaquinista e professora Andrea Melo, idealizadora do projeto.\u00a0O projeto tem cinco cavaquinhos dispon\u00edveis, que ser\u00e3o revezados entre as mulheres que n\u00e3o t\u00eam o instrumento. N\u00e3o \u00e9 preciso que tenha uma no\u00e7\u00e3o pr\u00e9via das t\u00e9cnicas.<\/p>\n<p>As inscri\u00e7\u00f5es podem ser feitas pelo\u00a0<a href=\"http:\/\/forms.gle\/4b7r8QrJpdRYtBmA8\"><strong>formul\u00e1rio<\/strong><\/a>\u00a0at\u00e9 o pr\u00f3ximo dia 17. Os resultados ser\u00e3o divulgados at\u00e9 dia 20\/01.<\/p>\n<p>A coordenadora de pol\u00edticas para as mulheres da Secretaria Especial de Direitos Humanos (SEDH), Samara Miranda, ressalta que essa parceria \u00e9 mais uma importante a\u00e7\u00e3o na gest\u00e3o de implementa\u00e7\u00e3o de pol\u00edticas p\u00fablicas voltadas paras as mulheres no munic\u00edpio.<\/p>\n<p>Al\u00e9m do projeto \u201cCavaco Delas\u201d, foram implantados tamb\u00e9m outros dois programas. Um na \u00e1rea da sa\u00fade, o \u201cPrepara Parto\u201d, que oferece assist\u00eancia no pr\u00e9-parto, parto e p\u00f3s-parto, e o outro focando na garantia de renda, o \u201cSalte Alto\u201d, que atua pela inclus\u00e3o no mercado de trabalho de cinco mulheres pertencentes ao aux\u00edlio moradia.<\/p>\n","protected":false},"excerpt":{"rendered":"<p>Segundo informa\u00e7\u00f5es do site da Prefeitura de Juiz de Fora (PJF), est\u00e3o abertas as inscri\u00e7\u00f5es para o projeto \u201cCavaco Delas\u201d, uma iniciativa da Prefeitura de Juiz de Fora (PJF) e do Instituto Albert Sabin por meio de emenda parlamentar da vereadora Laiz Perrut. Ser\u00e3o ofertadas \u00e0s mulheres participantes de coletivos e movimentos sociais aulas de [&hellip;]<\/p>\n","protected":false},"author":246,"featured_media":208964,"comment_status":"closed","ping_status":"closed","sticky":false,"template":"","format":"standard","meta":{"footnotes":""},"categories":[253,436,439],"tags":[],"class_list":["post-208963","post","type-post","status-publish","format-standard","has-post-thumbnail","hentry","category-cidade","category-destaque-da-semana","category-ultima-hora"],"_links":{"self":[{"href":"https:\/\/diarioregionaldigital.com.br\/index.php?rest_route=\/wp\/v2\/posts\/208963","targetHints":{"allow":["GET"]}}],"collection":[{"href":"https:\/\/diarioregionaldigital.com.br\/index.php?rest_route=\/wp\/v2\/posts"}],"about":[{"href":"https:\/\/diarioregionaldigital.com.br\/index.php?rest_route=\/wp\/v2\/types\/post"}],"author":[{"embeddable":true,"href":"https:\/\/diarioregionaldigital.com.br\/index.php?rest_route=\/wp\/v2\/users\/246"}],"replies":[{"embeddable":true,"href":"https:\/\/diarioregionaldigital.com.br\/index.php?rest_route=%2Fwp%2Fv2%2Fcomments&post=208963"}],"version-history":[{"count":2,"href":"https:\/\/diarioregionaldigital.com.br\/index.php?rest_route=\/wp\/v2\/posts\/208963\/revisions"}],"predecessor-version":[{"id":208966,"href":"https:\/\/diarioregionaldigital.com.br\/index.php?rest_route=\/wp\/v2\/posts\/208963\/revisions\/208966"}],"wp:featuredmedia":[{"embeddable":true,"href":"https:\/\/diarioregionaldigital.com.br\/index.php?rest_route=\/wp\/v2\/media\/208964"}],"wp:attachment":[{"href":"https:\/\/diarioregionaldigital.com.br\/index.php?rest_route=%2Fwp%2Fv2%2Fmedia&parent=208963"}],"wp:term":[{"taxonomy":"category","embeddable":true,"href":"https:\/\/diarioregionaldigital.com.br\/index.php?rest_route=%2Fwp%2Fv2%2Fcategories&post=208963"},{"taxonomy":"post_tag","embeddable":true,"href":"https:\/\/diarioregionaldigital.com.br\/index.php?rest_route=%2Fwp%2Fv2%2Ftags&post=208963"}],"curies":[{"name":"wp","href":"https:\/\/api.w.org\/{rel}","templated":true}]}}