{"id":208954,"date":"2023-01-11T18:38:38","date_gmt":"2023-01-11T21:38:38","guid":{"rendered":"https:\/\/diarioregionaldigital.com.br\/?p=208954"},"modified":"2023-01-11T18:38:38","modified_gmt":"2023-01-11T21:38:38","slug":"atletico-mg-garante-lideranca-do-grupo-27-da-copinha","status":"publish","type":"post","link":"https:\/\/diarioregionaldigital.com.br\/?p=208954","title":{"rendered":"Atl\u00e9tico-MG garante lideran\u00e7a do Grupo 27 da Copinha"},"content":{"rendered":"<p>Com a classifica\u00e7\u00e3o j\u00e1 garantida para a segunda fase da Copa S\u00e3o Paulo de Futebol J\u00fanior, o Atl\u00e9tico-MG derrotou o \u00c1gua Santa por 4 a 2, nesta ter\u00e7a no Est\u00e1dio Distrital do Inamar, em Diadema, para avan\u00e7ar como primeiro colocado do Grupo 27 da competi\u00e7\u00e3o.<img decoding=\"async\" src=\"https:\/\/agenciabrasil.ebc.com.br\/ebc.png?id=1503433&amp;o=node\" \/><img decoding=\"async\" src=\"https:\/\/agenciabrasil.ebc.com.br\/ebc.gif?id=1503433&amp;o=node\" \/><\/p>\n<p>A vit\u00f3ria da equipe mineira foi constru\u00edda com gols de Cadu, Yan e Isaac (dois), enquanto Fabr\u00edcio marcou em duas oportunidades pelo \u00c1gua Santa. O triunfo garantiu ao Galo uma campanha perfeita na primeira fase, com nove pontos.<\/p>\n<p>Na segunda etapa, o Atl\u00e9tico-MG medir\u00e1 for\u00e7as com o Nova Igua\u00e7u, segundo do Grupo 28.<\/p>\n<h2>Outros resultados:<\/h2>\n<p>Remo-PA 1 x 1 S\u00e3o Caetano<br \/>\nCana\u00e3 2 x 4 Botafogo-SP<br \/>\nGalvez-AC 0 x 2 Mixto-MT<br \/>\nRetr\u00f4-PE 2 x 2 Ponte Preta<br \/>\nCambori\u00fa 0 x 2 Ituano<br \/>\nMadureira-RJ 0 x 1 Rio Claro<br \/>\nOper\u00e1rio-PR 2 x 2 CSA<br \/>\nNova Igua\u00e7u-RJ 3 x 0 Mauaense<br \/>\nJuventus 1 x 2 Fortaleza<br \/>\nIbrachina 2 x 0 Santa Cruz-PE<br \/>\nVocem 1 x 5 Am\u00e9rica-MG<br \/>\nDesportivo Brasil 2 x 0 CRB<br \/>\nSharjah Brasil 2 x 1 Cear\u00e1<br \/>\nEC S\u00e3o Bernardo 0 x 1 Bahia<br \/>\nMau\u00e1 0 x 1 Vila Nova-GO<\/p>\n<p><span style=\"font-weight: 400;\">Fonte: Ag\u00eancia Brasil\u00a0<\/span><span style=\"font-weight: 400;\"><br \/>\n<\/span><\/p>\n","protected":false},"excerpt":{"rendered":"<p>Com a classifica\u00e7\u00e3o j\u00e1 garantida para a segunda fase da Copa S\u00e3o Paulo de Futebol J\u00fanior, o Atl\u00e9tico-MG derrotou o \u00c1gua Santa por 4 a 2, nesta ter\u00e7a no Est\u00e1dio Distrital do Inamar, em Diadema, para avan\u00e7ar como primeiro colocado do Grupo 27 da competi\u00e7\u00e3o. A vit\u00f3ria da equipe mineira foi constru\u00edda com gols de [&hellip;]<\/p>\n","protected":false},"author":246,"featured_media":208955,"comment_status":"closed","ping_status":"closed","sticky":false,"template":"","format":"standard","meta":{"footnotes":""},"categories":[436,257,439],"tags":[],"class_list":["post-208954","post","type-post","status-publish","format-standard","has-post-thumbnail","hentry","category-destaque-da-semana","category-esporte","category-ultima-hora"],"_links":{"self":[{"href":"https:\/\/diarioregionaldigital.com.br\/index.php?rest_route=\/wp\/v2\/posts\/208954","targetHints":{"allow":["GET"]}}],"collection":[{"href":"https:\/\/diarioregionaldigital.com.br\/index.php?rest_route=\/wp\/v2\/posts"}],"about":[{"href":"https:\/\/diarioregionaldigital.com.br\/index.php?rest_route=\/wp\/v2\/types\/post"}],"author":[{"embeddable":true,"href":"https:\/\/diarioregionaldigital.com.br\/index.php?rest_route=\/wp\/v2\/users\/246"}],"replies":[{"embeddable":true,"href":"https:\/\/diarioregionaldigital.com.br\/index.php?rest_route=%2Fwp%2Fv2%2Fcomments&post=208954"}],"version-history":[{"count":1,"href":"https:\/\/diarioregionaldigital.com.br\/index.php?rest_route=\/wp\/v2\/posts\/208954\/revisions"}],"predecessor-version":[{"id":208956,"href":"https:\/\/diarioregionaldigital.com.br\/index.php?rest_route=\/wp\/v2\/posts\/208954\/revisions\/208956"}],"wp:featuredmedia":[{"embeddable":true,"href":"https:\/\/diarioregionaldigital.com.br\/index.php?rest_route=\/wp\/v2\/media\/208955"}],"wp:attachment":[{"href":"https:\/\/diarioregionaldigital.com.br\/index.php?rest_route=%2Fwp%2Fv2%2Fmedia&parent=208954"}],"wp:term":[{"taxonomy":"category","embeddable":true,"href":"https:\/\/diarioregionaldigital.com.br\/index.php?rest_route=%2Fwp%2Fv2%2Fcategories&post=208954"},{"taxonomy":"post_tag","embeddable":true,"href":"https:\/\/diarioregionaldigital.com.br\/index.php?rest_route=%2Fwp%2Fv2%2Ftags&post=208954"}],"curies":[{"name":"wp","href":"https:\/\/api.w.org\/{rel}","templated":true}]}}