{"id":208950,"date":"2023-01-11T18:37:25","date_gmt":"2023-01-11T21:37:25","guid":{"rendered":"https:\/\/diarioregionaldigital.com.br\/?p=208950"},"modified":"2023-01-11T18:37:25","modified_gmt":"2023-01-11T21:37:25","slug":"dupla-de-stefani-vai-a-semi-e-bia-haddad-as-quartas-no-wta-de-adelaide","status":"publish","type":"post","link":"https:\/\/diarioregionaldigital.com.br\/?p=208950","title":{"rendered":"Dupla de Stefani vai \u00e0 semi e Bia Haddad \u00e0s quartas no WTA de Adelaide"},"content":{"rendered":"<p>O t\u00eanis brasileiro brilhou na madrugada desta quarta-feira (11) em Adelaide (Austr\u00e1lia) nos \u00faltimos torneios (feminino e masculino) antes da abertura do primeiro Grand Slam da temporada, o Aberto da Austr\u00e1lia, no pr\u00f3ximo domingo (15). A dupla da campinense Stefani com a norte-americana Taylor Towsend avan\u00e7ou \u00e0 semifinal do WTA 500 ao derrotar as favoritas Demi Schuurs (Holanda) e Desirae Krawcyk, por 2 sets a 1, com parciais de 6\/3, 4\/6 e 10\/7.\u00a0 Stefani e Towsend v\u00e3o buscar uma vaga na final logo mais, \u00e0s 23h (hor\u00e1rio de Bras\u00edlia) contra as thecas Marketa Vondrousova e Miriam Kolodziejova.<img decoding=\"async\" src=\"https:\/\/agenciabrasil.ebc.com.br\/ebc.png?id=1503601&amp;o=node\" \/><img decoding=\"async\" src=\"https:\/\/agenciabrasil.ebc.com.br\/ebc.gif?id=1503601&amp;o=node\" \/><\/p>\n<p>Quem tamb\u00e9m fez bonito foi a canhota Beatriz Haddad, n\u00famero 15 do mundo, que garantiu presen\u00e7a nas quartas de final de simples do WTA 500 de Adelaide, ap\u00f3s superar a norte-americana Amanda Anisimova (29\u00aa no ranking mundial). \u00a0Haddad levou a melhor por 2 sets a 1 (6\/4 e 7\/5), ap\u00f3s duas horas de confronto. \u00a0Nas quartas, a brasileira enfrentar\u00e1 a vencedora do duelo entre a espanhola Paula Bardosa (cabe\u00e7a de chave 9) e a estoniana Kaia Kanepi.<\/p>\n<p>Na disputa masculina, a parceria do ga\u00facho Rafael Matos com o espanhol David Vega se classificou \u00e0s quartas do \u00a0ATP 250 de Adelaide. Na primeira partida da dupla nesta temporada, Matos e Vega (cabe\u00e7as de chave 7) derrotaram os australianos Jeremy Beale e Luke Saville por 2 sets a 1 (parciais de 7\/5, 3\/6 e 10\/7). \u00a0Os pr\u00f3ximos advers\u00e1rios ser\u00e3o o croata Ivan Dodig em parceria com o norte-americano Austin Krajicek.<\/p>\n<p>J\u00e1 a dupla do mineiro Marcelo Melo com o norte-americano Mackenzie McDonald parou nas oitavas em Adelaide, ao perderem para a parceria do brit\u00e2nico Lloyd Glasspool e o finland\u00eas Harri Heliovaara por 2 sets a 0, parciais de 7\/6 (7-3) e 6\/3.<\/p>\n<h2>Pigossi, a uma vit\u00f3ria do Aberto da Austr\u00e1lia<\/h2>\n<p>A paulista Laura Pigossi, cabe\u00e7a de chave 11, avan\u00e7ou \u00e0 terceira e \u00faltima rodada do qualificat\u00f3rio para o Aberto da Austr\u00e1lia. A japonesa japonesa Misaki Doi, advers\u00e1ria que enfrentaria na noite de ontem (10) pela segunda rodada, desistiu da disputa.<\/p>\n<p>Bronze nas duplas na Olimp\u00edada de T\u00f3quio ao lado de Luisa Stefani, a paulista\u00a0disputou o quali do Aberto da Austr\u00e1lia no ano passado, mas perdeu na estreia. Meses mais tarde, competiu pela primeira vez em um Grand Slam no Torneio de\u00a0Wimbledon, o mais tradicional do circuito.<\/p>\n<p><span style=\"font-weight: 400;\">Fonte: Ag\u00eancia Brasil <\/span><\/p>\n","protected":false},"excerpt":{"rendered":"<p>O t\u00eanis brasileiro brilhou na madrugada desta quarta-feira (11) em Adelaide (Austr\u00e1lia) nos \u00faltimos torneios (feminino e masculino) antes da abertura do primeiro Grand Slam da temporada, o Aberto da Austr\u00e1lia, no pr\u00f3ximo domingo (15). A dupla da campinense Stefani com a norte-americana Taylor Towsend avan\u00e7ou \u00e0 semifinal do WTA 500 ao derrotar as favoritas [&hellip;]<\/p>\n","protected":false},"author":246,"featured_media":208951,"comment_status":"closed","ping_status":"closed","sticky":false,"template":"","format":"standard","meta":{"footnotes":""},"categories":[436,257,439],"tags":[],"class_list":["post-208950","post","type-post","status-publish","format-standard","has-post-thumbnail","hentry","category-destaque-da-semana","category-esporte","category-ultima-hora"],"_links":{"self":[{"href":"https:\/\/diarioregionaldigital.com.br\/index.php?rest_route=\/wp\/v2\/posts\/208950","targetHints":{"allow":["GET"]}}],"collection":[{"href":"https:\/\/diarioregionaldigital.com.br\/index.php?rest_route=\/wp\/v2\/posts"}],"about":[{"href":"https:\/\/diarioregionaldigital.com.br\/index.php?rest_route=\/wp\/v2\/types\/post"}],"author":[{"embeddable":true,"href":"https:\/\/diarioregionaldigital.com.br\/index.php?rest_route=\/wp\/v2\/users\/246"}],"replies":[{"embeddable":true,"href":"https:\/\/diarioregionaldigital.com.br\/index.php?rest_route=%2Fwp%2Fv2%2Fcomments&post=208950"}],"version-history":[{"count":2,"href":"https:\/\/diarioregionaldigital.com.br\/index.php?rest_route=\/wp\/v2\/posts\/208950\/revisions"}],"predecessor-version":[{"id":208953,"href":"https:\/\/diarioregionaldigital.com.br\/index.php?rest_route=\/wp\/v2\/posts\/208950\/revisions\/208953"}],"wp:featuredmedia":[{"embeddable":true,"href":"https:\/\/diarioregionaldigital.com.br\/index.php?rest_route=\/wp\/v2\/media\/208951"}],"wp:attachment":[{"href":"https:\/\/diarioregionaldigital.com.br\/index.php?rest_route=%2Fwp%2Fv2%2Fmedia&parent=208950"}],"wp:term":[{"taxonomy":"category","embeddable":true,"href":"https:\/\/diarioregionaldigital.com.br\/index.php?rest_route=%2Fwp%2Fv2%2Fcategories&post=208950"},{"taxonomy":"post_tag","embeddable":true,"href":"https:\/\/diarioregionaldigital.com.br\/index.php?rest_route=%2Fwp%2Fv2%2Ftags&post=208950"}],"curies":[{"name":"wp","href":"https:\/\/api.w.org\/{rel}","templated":true}]}}