{"id":208947,"date":"2023-01-11T18:35:36","date_gmt":"2023-01-11T21:35:36","guid":{"rendered":"https:\/\/diarioregionaldigital.com.br\/?p=208947"},"modified":"2023-01-11T18:35:36","modified_gmt":"2023-01-11T21:35:36","slug":"brasileiras-sao-escolhidas-para-arbitragem-do-mundial-feminino","status":"publish","type":"post","link":"https:\/\/diarioregionaldigital.com.br\/?p=208947","title":{"rendered":"Brasileiras s\u00e3o escolhidas para arbitragem do Mundial feminino"},"content":{"rendered":"<p>Quatro brasileiras foram\u00a0<a href=\"https:\/\/www.fifa.com\/technical\/refereeing\/news\/match-officials-appointed-for-fifa-womens-world-cup-australia-and-new\">escolhidas pela Federa\u00e7\u00e3o Internacional de Futebol (Fifa)<\/a>\u00a0para fazerem parte da equipe de arbitragem da Copa do Mundo de futebol feminino, que ser\u00e1 disputada entre 20 de julho e 20 de agosto na Austr\u00e1lia e na Nova Zel\u00e2ndia.<img decoding=\"async\" src=\"https:\/\/agenciabrasil.ebc.com.br\/ebc.png?id=1503417&amp;o=node\" \/><img decoding=\"async\" src=\"https:\/\/agenciabrasil.ebc.com.br\/ebc.gif?id=1503417&amp;o=node\" \/><\/p>\n<p>O Brasil ser\u00e1 representado na competi\u00e7\u00e3o pela \u00e1rbitra central Edina Alves, pelas auxiliares Neuza Back e Leila Moreira da Cruz, e pela \u00e1rbitra de v\u00eddeo Daiane Muniz dos Santos.<\/p>\n<p>Esta \u00e9 a segunda oportunidade na qual Edina Alves e Neuza Back participaram da arbitragem de uma edi\u00e7\u00e3o da Copa do Mundo de futebol feminino. Elas participaram do Mundial de 20219, que foi disputado na Fran\u00e7a. J\u00e1 Daiane esteve presente na Copa do Mundo feminina sub-20 ajudando no VAR (\u00e1rbitro de v\u00eddeo).<\/p>\n<p>A equipe de arbitragem da Copa do Mundo de futebol feminino contar\u00e1 apenas com mulheres dentro do campo, com 33 \u00e1rbitras e 55 auxiliares. Apenas no VAR haver\u00e1 presen\u00e7a de homens, com 13 representantes nas 19 vagas.<\/p>\n<p>\u201cA equipe de \u00e1rbitras do Brasil \u00e9 considerada pela FIFA uma das mais experientes entre os quadros designados. A entidade sente muita seguran\u00e7a na escala\u00e7\u00e3o das brasileiras. Esperamos que, dentro das necessidades da competi\u00e7\u00e3o, elas estejam escaladas para os melhores jogos. Muito importante tamb\u00e9m a escolha da Daiane para o VAR. Ela tem muita experi\u00eancia e faz parte dos nossos \u00e1rbitros de v\u00eddeo do Brasileir\u00e3o\u201d, declarou o presidente da Comiss\u00e3o de Arbitragem da Confedera\u00e7\u00e3o Brasileira de Futebol (CBF), Wilson Seneme.<\/p>\n<p><span style=\"font-weight: 400;\"><br \/>\n<\/span><span style=\"font-weight: 400;\">Fonte: Ag\u00eancia Brasil <\/span><\/p>\n","protected":false},"excerpt":{"rendered":"<p>Quatro brasileiras foram\u00a0escolhidas pela Federa\u00e7\u00e3o Internacional de Futebol (Fifa)\u00a0para fazerem parte da equipe de arbitragem da Copa do Mundo de futebol feminino, que ser\u00e1 disputada entre 20 de julho e 20 de agosto na Austr\u00e1lia e na Nova Zel\u00e2ndia. O Brasil ser\u00e1 representado na competi\u00e7\u00e3o pela \u00e1rbitra central Edina Alves, pelas auxiliares Neuza Back e [&hellip;]<\/p>\n","protected":false},"author":246,"featured_media":208948,"comment_status":"closed","ping_status":"closed","sticky":false,"template":"","format":"standard","meta":{"footnotes":""},"categories":[436,257,439],"tags":[],"class_list":["post-208947","post","type-post","status-publish","format-standard","has-post-thumbnail","hentry","category-destaque-da-semana","category-esporte","category-ultima-hora"],"_links":{"self":[{"href":"https:\/\/diarioregionaldigital.com.br\/index.php?rest_route=\/wp\/v2\/posts\/208947","targetHints":{"allow":["GET"]}}],"collection":[{"href":"https:\/\/diarioregionaldigital.com.br\/index.php?rest_route=\/wp\/v2\/posts"}],"about":[{"href":"https:\/\/diarioregionaldigital.com.br\/index.php?rest_route=\/wp\/v2\/types\/post"}],"author":[{"embeddable":true,"href":"https:\/\/diarioregionaldigital.com.br\/index.php?rest_route=\/wp\/v2\/users\/246"}],"replies":[{"embeddable":true,"href":"https:\/\/diarioregionaldigital.com.br\/index.php?rest_route=%2Fwp%2Fv2%2Fcomments&post=208947"}],"version-history":[{"count":1,"href":"https:\/\/diarioregionaldigital.com.br\/index.php?rest_route=\/wp\/v2\/posts\/208947\/revisions"}],"predecessor-version":[{"id":208949,"href":"https:\/\/diarioregionaldigital.com.br\/index.php?rest_route=\/wp\/v2\/posts\/208947\/revisions\/208949"}],"wp:featuredmedia":[{"embeddable":true,"href":"https:\/\/diarioregionaldigital.com.br\/index.php?rest_route=\/wp\/v2\/media\/208948"}],"wp:attachment":[{"href":"https:\/\/diarioregionaldigital.com.br\/index.php?rest_route=%2Fwp%2Fv2%2Fmedia&parent=208947"}],"wp:term":[{"taxonomy":"category","embeddable":true,"href":"https:\/\/diarioregionaldigital.com.br\/index.php?rest_route=%2Fwp%2Fv2%2Fcategories&post=208947"},{"taxonomy":"post_tag","embeddable":true,"href":"https:\/\/diarioregionaldigital.com.br\/index.php?rest_route=%2Fwp%2Fv2%2Ftags&post=208947"}],"curies":[{"name":"wp","href":"https:\/\/api.w.org\/{rel}","templated":true}]}}