{"id":208944,"date":"2023-01-11T18:34:03","date_gmt":"2023-01-11T21:34:03","guid":{"rendered":"https:\/\/diarioregionaldigital.com.br\/?p=208944"},"modified":"2023-01-11T18:34:03","modified_gmt":"2023-01-11T21:34:03","slug":"estadio-mane-garrincha-recebera-supercopa-do-brasil","status":"publish","type":"post","link":"https:\/\/diarioregionaldigital.com.br\/?p=208944","title":{"rendered":"Est\u00e1dio Man\u00e9 Garrincha receber\u00e1 Supercopa do Brasil"},"content":{"rendered":"<p>A Confedera\u00e7\u00e3o Brasileira de Futebol (CBF)\u00a0<a href=\"https:\/\/www.cbf.com.br\/futebol-brasileiro\/noticias\/supercopa\/xxx-recebe-decisao-da-supercopa-do-brasil\">anunciou<\/a>, na tarde desta quarta-feira (11), que a final da Supercopa do Brasil entre Palmeiras e Flamengo ser\u00e1 disputada no est\u00e1dio Man\u00e9 Garrincha, em Bras\u00edlia.<img decoding=\"async\" src=\"https:\/\/agenciabrasil.ebc.com.br\/ebc.png?id=1503720&amp;o=node\" \/><img decoding=\"async\" src=\"https:\/\/agenciabrasil.ebc.com.br\/ebc.gif?id=1503720&amp;o=node\" \/><\/p>\n<p>A decis\u00e3o, que envolve o Rubro-Negro (campe\u00e3o do Brasileiro) e o Verd\u00e3o (vencedor da Copa do Brasil), ser\u00e1 disputado a partir das 16h (hor\u00e1rio de Bras\u00edlia) do dia 29 de janeiro.<\/p>\n<p>A Supercopa do Brasil, competi\u00e7\u00e3o que marca o in\u00edcio da temporada do futebol brasileiro em \u00e2mbito nacional, voltou a ser disputada em 2020. Assim como neste ano, o Flamengo esteve presente em todas as edi\u00e7\u00f5es anteriores, vencendo em 2020 e em 2021. Em 2022 o campe\u00e3o foi o Atl\u00e9tico-MG. J\u00e1 o Palmeiras disputa o t\u00edtulo pela segunda vez, ap\u00f3s o vice no ano de 2020.<\/p>\n<p><span style=\"font-weight: 400;\"><br \/>\n<\/span><span style=\"font-weight: 400;\">Fonte: Ag\u00eancia Brasil\u00a0<\/span><span style=\"font-weight: 400;\"><br \/>\n<\/span><\/p>\n","protected":false},"excerpt":{"rendered":"<p>A Confedera\u00e7\u00e3o Brasileira de Futebol (CBF)\u00a0anunciou, na tarde desta quarta-feira (11), que a final da Supercopa do Brasil entre Palmeiras e Flamengo ser\u00e1 disputada no est\u00e1dio Man\u00e9 Garrincha, em Bras\u00edlia. A decis\u00e3o, que envolve o Rubro-Negro (campe\u00e3o do Brasileiro) e o Verd\u00e3o (vencedor da Copa do Brasil), ser\u00e1 disputado a partir das 16h (hor\u00e1rio de [&hellip;]<\/p>\n","protected":false},"author":246,"featured_media":208945,"comment_status":"closed","ping_status":"closed","sticky":false,"template":"","format":"standard","meta":{"footnotes":""},"categories":[436,440,257,439],"tags":[],"class_list":["post-208944","post","type-post","status-publish","format-standard","has-post-thumbnail","hentry","category-destaque-da-semana","category-destaques-do-dia","category-esporte","category-ultima-hora"],"_links":{"self":[{"href":"https:\/\/diarioregionaldigital.com.br\/index.php?rest_route=\/wp\/v2\/posts\/208944","targetHints":{"allow":["GET"]}}],"collection":[{"href":"https:\/\/diarioregionaldigital.com.br\/index.php?rest_route=\/wp\/v2\/posts"}],"about":[{"href":"https:\/\/diarioregionaldigital.com.br\/index.php?rest_route=\/wp\/v2\/types\/post"}],"author":[{"embeddable":true,"href":"https:\/\/diarioregionaldigital.com.br\/index.php?rest_route=\/wp\/v2\/users\/246"}],"replies":[{"embeddable":true,"href":"https:\/\/diarioregionaldigital.com.br\/index.php?rest_route=%2Fwp%2Fv2%2Fcomments&post=208944"}],"version-history":[{"count":1,"href":"https:\/\/diarioregionaldigital.com.br\/index.php?rest_route=\/wp\/v2\/posts\/208944\/revisions"}],"predecessor-version":[{"id":208946,"href":"https:\/\/diarioregionaldigital.com.br\/index.php?rest_route=\/wp\/v2\/posts\/208944\/revisions\/208946"}],"wp:featuredmedia":[{"embeddable":true,"href":"https:\/\/diarioregionaldigital.com.br\/index.php?rest_route=\/wp\/v2\/media\/208945"}],"wp:attachment":[{"href":"https:\/\/diarioregionaldigital.com.br\/index.php?rest_route=%2Fwp%2Fv2%2Fmedia&parent=208944"}],"wp:term":[{"taxonomy":"category","embeddable":true,"href":"https:\/\/diarioregionaldigital.com.br\/index.php?rest_route=%2Fwp%2Fv2%2Fcategories&post=208944"},{"taxonomy":"post_tag","embeddable":true,"href":"https:\/\/diarioregionaldigital.com.br\/index.php?rest_route=%2Fwp%2Fv2%2Ftags&post=208944"}],"curies":[{"name":"wp","href":"https:\/\/api.w.org\/{rel}","templated":true}]}}