{"id":208941,"date":"2023-01-11T18:29:11","date_gmt":"2023-01-11T21:29:11","guid":{"rendered":"https:\/\/diarioregionaldigital.com.br\/?p=208941"},"modified":"2023-01-11T18:29:11","modified_gmt":"2023-01-11T21:29:11","slug":"ministro-pf-ja-lavrou-1-261-autos-de-prisao","status":"publish","type":"post","link":"https:\/\/diarioregionaldigital.com.br\/?p=208941","title":{"rendered":"Ministro: PF j\u00e1 lavrou 1.261 autos de pris\u00e3o"},"content":{"rendered":"<p>O ministro-chefe da Secretaria de Comunica\u00e7\u00e3o Social (Secom) da Presid\u00eancia, Paulo Pimenta, afirmou nesta quarta-feira (11) pelo Twitter que a Pol\u00edcia Federal (PF) j\u00e1 lavrou 1.261 autos de pris\u00e3o e apreens\u00e3o em decorr\u00eancia dos atos golpistas que ocorreram no \u00faltimo domingo (8), em Bras\u00edlia. At\u00e9 o in\u00edcio da noite de ontem (10), eram 727 presos segundo a PF.\u00a0<img decoding=\"async\" src=\"https:\/\/agenciabrasil.ebc.com.br\/ebc.png?id=1503618&amp;o=node\" \/><img decoding=\"async\" src=\"https:\/\/agenciabrasil.ebc.com.br\/ebc.gif?id=1503618&amp;o=node\" \/><\/p>\n<p>\u201cO momento que estamos atravessando faz com que qualquer gesto que contrarie a democracia seja punido com o rigor da lei\u201d, destacou Pimenta.<\/p>\n<p>A PF informou que, na segunda-feira (9), mais de 1,5 mil pessoas envolvidas nos atos antidemocr\u00e1ticos foram conduzidas para a Academia Nacional de Pol\u00edcia, em Bras\u00edlia, ap\u00f3s a determina\u00e7\u00e3o do Supremo Tribunal Federal (STF).<\/p>\n<p>Na decis\u00e3o, o magistrado mencionou sete crimes que podem ter sido cometidos pelos militantes bolsonaristas, incluindo crimes contra o Estado Democr\u00e1tico de Direito e a soberania nacional.<\/p>\n<p>Por quest\u00f5es humanit\u00e1rias, 599 detidos foram liberados. O grupo inclu\u00eda idosos, pessoas com problemas de sa\u00fade, em situa\u00e7\u00e3o de rua, pais e m\u00e3es acompanhados de crian\u00e7as.<\/p>\n<p><span style=\"font-weight: 400;\">Fonte: Ag\u00eancia Brasil <\/span><\/p>\n","protected":false},"excerpt":{"rendered":"<p>O ministro-chefe da Secretaria de Comunica\u00e7\u00e3o Social (Secom) da Presid\u00eancia, Paulo Pimenta, afirmou nesta quarta-feira (11) pelo Twitter que a Pol\u00edcia Federal (PF) j\u00e1 lavrou 1.261 autos de pris\u00e3o e apreens\u00e3o em decorr\u00eancia dos atos golpistas que ocorreram no \u00faltimo domingo (8), em Bras\u00edlia. At\u00e9 o in\u00edcio da noite de ontem (10), eram 727 presos [&hellip;]<\/p>\n","protected":false},"author":246,"featured_media":208942,"comment_status":"closed","ping_status":"closed","sticky":false,"template":"","format":"standard","meta":{"footnotes":""},"categories":[436,254,439],"tags":[],"class_list":["post-208941","post","type-post","status-publish","format-standard","has-post-thumbnail","hentry","category-destaque-da-semana","category-politica","category-ultima-hora"],"_links":{"self":[{"href":"https:\/\/diarioregionaldigital.com.br\/index.php?rest_route=\/wp\/v2\/posts\/208941","targetHints":{"allow":["GET"]}}],"collection":[{"href":"https:\/\/diarioregionaldigital.com.br\/index.php?rest_route=\/wp\/v2\/posts"}],"about":[{"href":"https:\/\/diarioregionaldigital.com.br\/index.php?rest_route=\/wp\/v2\/types\/post"}],"author":[{"embeddable":true,"href":"https:\/\/diarioregionaldigital.com.br\/index.php?rest_route=\/wp\/v2\/users\/246"}],"replies":[{"embeddable":true,"href":"https:\/\/diarioregionaldigital.com.br\/index.php?rest_route=%2Fwp%2Fv2%2Fcomments&post=208941"}],"version-history":[{"count":1,"href":"https:\/\/diarioregionaldigital.com.br\/index.php?rest_route=\/wp\/v2\/posts\/208941\/revisions"}],"predecessor-version":[{"id":208943,"href":"https:\/\/diarioregionaldigital.com.br\/index.php?rest_route=\/wp\/v2\/posts\/208941\/revisions\/208943"}],"wp:featuredmedia":[{"embeddable":true,"href":"https:\/\/diarioregionaldigital.com.br\/index.php?rest_route=\/wp\/v2\/media\/208942"}],"wp:attachment":[{"href":"https:\/\/diarioregionaldigital.com.br\/index.php?rest_route=%2Fwp%2Fv2%2Fmedia&parent=208941"}],"wp:term":[{"taxonomy":"category","embeddable":true,"href":"https:\/\/diarioregionaldigital.com.br\/index.php?rest_route=%2Fwp%2Fv2%2Fcategories&post=208941"},{"taxonomy":"post_tag","embeddable":true,"href":"https:\/\/diarioregionaldigital.com.br\/index.php?rest_route=%2Fwp%2Fv2%2Ftags&post=208941"}],"curies":[{"name":"wp","href":"https:\/\/api.w.org\/{rel}","templated":true}]}}