{"id":208938,"date":"2023-01-11T18:27:31","date_gmt":"2023-01-11T21:27:31","guid":{"rendered":"https:\/\/diarioregionaldigital.com.br\/?p=208938"},"modified":"2023-01-11T18:27:31","modified_gmt":"2023-01-11T21:27:31","slug":"itamaraty-formaliza-belem-como-candidata-para-sediar-a-cop30","status":"publish","type":"post","link":"https:\/\/diarioregionaldigital.com.br\/?p=208938","title":{"rendered":"Itamaraty formaliza Bel\u00e9m como candidata para sediar a COP30"},"content":{"rendered":"<p>O presidente Luiz In\u00e1cio Lula da Silva anunciou hoje (11) que o\u00a0<a href=\"https:\/\/agenciabrasil.ebc.com.br\/politica\/noticia\/2022-11\/lula-vai-propor-que-cop30-seja-na-amazonia\" target=\"_blank\" rel=\"noopener\">Minist\u00e9rio das Rela\u00e7\u00f5es Exteriores formalizou a candidatura de Bel\u00e9m para sediar a COP30<\/a>, em 2025. \u201cEsperamos poder receber o maior evento clim\u00e1tico do mundo em uma cidade parte da Amaz\u00f4nia brasileira\u201d, disse, em seu perfil no Twitter.<img decoding=\"async\" src=\"https:\/\/agenciabrasil.ebc.com.br\/ebc.png?id=1503621&amp;o=node\" \/><img decoding=\"async\" src=\"https:\/\/agenciabrasil.ebc.com.br\/ebc.gif?id=1503621&amp;o=node\" \/><\/p>\n<p>\u201cEu tinha assumido o compromisso no Egito, na COP27, que a COP30 poderia ser realizada no Brasil. Fiquei feliz quando nosso ministro [das Rela\u00e7\u00f5es Exteriores] Mauro Vieira formalizou a cidade de Bel\u00e9m. Quero que a gente esteja l\u00e1 para uma bela COP&#8221;, disse Lula, em v\u00eddeo, acompanhado do governador do Par\u00e1, Helder Barbalho.<\/p>\n<p>No mesmo v\u00eddeo, Helder destacou a import\u00e2ncia e a dimens\u00e3o de trazer a discuss\u00e3o sobre quest\u00f5es clim\u00e1ticas para o Brasil. \u201cBel\u00e9m, no estado do Par\u00e1, estar\u00e1 de portas abertas para debater a Amaz\u00f4nia, para discutir o clima no mundo, encontrar solu\u00e7\u00f5es e agrade\u00e7o o gesto do governo federal para com Bel\u00e9m, o Par\u00e1 e a Amaz\u00f4nia&#8221;.<\/p>\n<h2>Col\u00f4mbia<\/h2>\n<p>Tamb\u00e9m em seu perfil no Twitter, Lula manifestou solidariedade \u00e0 vice-presidente da Col\u00f4mbia, Francia M\u00e1rquez, que, segundo ele, sofreu &#8220;uma inaceit\u00e1vel tentativa de atentado, felizmente sem sucesso\u201d.<\/p>\n<p>\u201cPrecisamos de paz para o desenvolvimento da nossa querida Am\u00e9rica do Sul\u201d, postou.<\/p>\n<p>Ontem (10), M\u00e1rquez denunciou, via redes sociais, que sua equipe de seguran\u00e7a encontrou explosivos na estrada que leva \u00e0 sua casa, no munic\u00edpio de Su\u00e1rez, no departamento de Cauca. Os artefatos, de acordo com a vice-presidente colombiana, foram detonados de forma controlada por especialistas.<\/p>\n<p><span style=\"font-weight: 400;\">Fonte: Ag\u00eancia Brasil <\/span><\/p>\n","protected":false},"excerpt":{"rendered":"<p>O presidente Luiz In\u00e1cio Lula da Silva anunciou hoje (11) que o\u00a0Minist\u00e9rio das Rela\u00e7\u00f5es Exteriores formalizou a candidatura de Bel\u00e9m para sediar a COP30, em 2025. \u201cEsperamos poder receber o maior evento clim\u00e1tico do mundo em uma cidade parte da Amaz\u00f4nia brasileira\u201d, disse, em seu perfil no Twitter. \u201cEu tinha assumido o compromisso no Egito, [&hellip;]<\/p>\n","protected":false},"author":246,"featured_media":208939,"comment_status":"closed","ping_status":"closed","sticky":false,"template":"","format":"standard","meta":{"footnotes":""},"categories":[436,254,439],"tags":[],"class_list":["post-208938","post","type-post","status-publish","format-standard","has-post-thumbnail","hentry","category-destaque-da-semana","category-politica","category-ultima-hora"],"_links":{"self":[{"href":"https:\/\/diarioregionaldigital.com.br\/index.php?rest_route=\/wp\/v2\/posts\/208938","targetHints":{"allow":["GET"]}}],"collection":[{"href":"https:\/\/diarioregionaldigital.com.br\/index.php?rest_route=\/wp\/v2\/posts"}],"about":[{"href":"https:\/\/diarioregionaldigital.com.br\/index.php?rest_route=\/wp\/v2\/types\/post"}],"author":[{"embeddable":true,"href":"https:\/\/diarioregionaldigital.com.br\/index.php?rest_route=\/wp\/v2\/users\/246"}],"replies":[{"embeddable":true,"href":"https:\/\/diarioregionaldigital.com.br\/index.php?rest_route=%2Fwp%2Fv2%2Fcomments&post=208938"}],"version-history":[{"count":1,"href":"https:\/\/diarioregionaldigital.com.br\/index.php?rest_route=\/wp\/v2\/posts\/208938\/revisions"}],"predecessor-version":[{"id":208940,"href":"https:\/\/diarioregionaldigital.com.br\/index.php?rest_route=\/wp\/v2\/posts\/208938\/revisions\/208940"}],"wp:featuredmedia":[{"embeddable":true,"href":"https:\/\/diarioregionaldigital.com.br\/index.php?rest_route=\/wp\/v2\/media\/208939"}],"wp:attachment":[{"href":"https:\/\/diarioregionaldigital.com.br\/index.php?rest_route=%2Fwp%2Fv2%2Fmedia&parent=208938"}],"wp:term":[{"taxonomy":"category","embeddable":true,"href":"https:\/\/diarioregionaldigital.com.br\/index.php?rest_route=%2Fwp%2Fv2%2Fcategories&post=208938"},{"taxonomy":"post_tag","embeddable":true,"href":"https:\/\/diarioregionaldigital.com.br\/index.php?rest_route=%2Fwp%2Fv2%2Ftags&post=208938"}],"curies":[{"name":"wp","href":"https:\/\/api.w.org\/{rel}","templated":true}]}}