{"id":208934,"date":"2023-01-11T18:26:05","date_gmt":"2023-01-11T21:26:05","guid":{"rendered":"https:\/\/diarioregionaldigital.com.br\/?p=208934"},"modified":"2023-01-11T18:26:05","modified_gmt":"2023-01-11T21:26:05","slug":"lei-que-proibe-arquitetura-hostil-e-promulgada","status":"publish","type":"post","link":"https:\/\/diarioregionaldigital.com.br\/?p=208934","title":{"rendered":"Lei que pro\u00edbe arquitetura hostil \u00e9 promulgada"},"content":{"rendered":"<p>A Lei Padre J\u00falio Lancellotti, que pro\u00edbe a chamada arquitetura hostil em espa\u00e7o p\u00fablico, foi promulgada. O texto da lei foi republicada na edi\u00e7\u00e3o de hoje (11) do\u00a0<em>Di\u00e1rio Oficial da Uni\u00e3o (DOU)<\/em>.<img decoding=\"async\" src=\"https:\/\/agenciabrasil.ebc.com.br\/ebc.png?id=1503683&amp;o=node\" \/><img decoding=\"async\" src=\"https:\/\/agenciabrasil.ebc.com.br\/ebc.gif?id=1503683&amp;o=node\" \/><\/p>\n<p>A lei j\u00e1 havia sido publicada em\u00a0<em>Di\u00e1rio Oficial da Uni\u00e3o<\/em>\u00a0do dia 22 de dezembro do ano passado, mas precisou ser republicada ap\u00f3s uma corre\u00e7\u00e3o. Aprovada pela C\u00e2mara dos Deputados e pelo Senado, a\u00a0<a href=\"https:\/\/agenciabrasil.ebc.com.br\/politica\/noticia\/2022-12\/vetada-lei-que-proibe-arquitetura-hostil-morador-em-situacao-de-rua\" target=\"_blank\" rel=\"noopener\">lei chegou a ser vetada pelo ex-presidente<\/a>\u00a0da Rep\u00fablica Jair Bolsonaro, mas o\u00a0<a href=\"https:\/\/agenciabrasil.ebc.com.br\/politica\/noticia\/2022-12\/congresso-derruba-veto-lei-que-proibe-arquitetura-hostil\" target=\"_blank\" rel=\"noopener\">veto foi derrubado pelo Congresso<\/a>\u00a0e, agora, a lei foi promulgada.<\/p>\n<p>A Lei Padre J\u00falio Lancellotti pro\u00edbe a constru\u00e7\u00e3o ou a instala\u00e7\u00e3o de estruturas hostis em equipamentos p\u00fablicos para dificultar o acesso de moradores em situa\u00e7\u00e3o de rua, por exemplo.<\/p>\n<p>O nome da lei \u00e9 uma refer\u00eancia ao religioso padre J\u00falio Lancellotti, que, desde 1986, promove trabalhos sociais voltados principalmente para a popula\u00e7\u00e3o em situa\u00e7\u00e3o de rua na cidade de S\u00e3o Paulo. Coordenador da Pastoral do Povo de Rua, Lancellotti viralizou ao utilizar uma marreta para remover pedras pontiagudas que haviam sido instaladas pela Prefeitura de S\u00e3o Paulo em um viaduto na cidade, para evitar que o local fosse utilizado como abrigo pela popula\u00e7\u00e3o em situa\u00e7\u00e3o de rua.<\/p>\n<p>O padre, inclusive, ajudou a criar o Observat\u00f3rio de Aporofobia Dom Pedro Casald\u00e1liga para denunciar locais em todo o pa\u00eds que estejam adotando arquitetura hostil para afastar a presen\u00e7a de moradores em situa\u00e7\u00e3o de rua. Aporofobia \u00e9 um termo que designa o \u00f3dio ou avers\u00e3o aos pobres.<\/p>\n<p><span style=\"font-weight: 400;\">Fonte: Ag\u00eancia Brasil\u00a0<\/span><span style=\"font-weight: 400;\"><br \/>\n<\/span><\/p>\n","protected":false},"excerpt":{"rendered":"<p>A Lei Padre J\u00falio Lancellotti, que pro\u00edbe a chamada arquitetura hostil em espa\u00e7o p\u00fablico, foi promulgada. O texto da lei foi republicada na edi\u00e7\u00e3o de hoje (11) do\u00a0Di\u00e1rio Oficial da Uni\u00e3o (DOU). A lei j\u00e1 havia sido publicada em\u00a0Di\u00e1rio Oficial da Uni\u00e3o\u00a0do dia 22 de dezembro do ano passado, mas precisou ser republicada ap\u00f3s uma [&hellip;]<\/p>\n","protected":false},"author":246,"featured_media":208935,"comment_status":"closed","ping_status":"closed","sticky":false,"template":"","format":"standard","meta":{"footnotes":""},"categories":[436,254,439],"tags":[],"class_list":["post-208934","post","type-post","status-publish","format-standard","has-post-thumbnail","hentry","category-destaque-da-semana","category-politica","category-ultima-hora"],"_links":{"self":[{"href":"https:\/\/diarioregionaldigital.com.br\/index.php?rest_route=\/wp\/v2\/posts\/208934","targetHints":{"allow":["GET"]}}],"collection":[{"href":"https:\/\/diarioregionaldigital.com.br\/index.php?rest_route=\/wp\/v2\/posts"}],"about":[{"href":"https:\/\/diarioregionaldigital.com.br\/index.php?rest_route=\/wp\/v2\/types\/post"}],"author":[{"embeddable":true,"href":"https:\/\/diarioregionaldigital.com.br\/index.php?rest_route=\/wp\/v2\/users\/246"}],"replies":[{"embeddable":true,"href":"https:\/\/diarioregionaldigital.com.br\/index.php?rest_route=%2Fwp%2Fv2%2Fcomments&post=208934"}],"version-history":[{"count":2,"href":"https:\/\/diarioregionaldigital.com.br\/index.php?rest_route=\/wp\/v2\/posts\/208934\/revisions"}],"predecessor-version":[{"id":208937,"href":"https:\/\/diarioregionaldigital.com.br\/index.php?rest_route=\/wp\/v2\/posts\/208934\/revisions\/208937"}],"wp:featuredmedia":[{"embeddable":true,"href":"https:\/\/diarioregionaldigital.com.br\/index.php?rest_route=\/wp\/v2\/media\/208935"}],"wp:attachment":[{"href":"https:\/\/diarioregionaldigital.com.br\/index.php?rest_route=%2Fwp%2Fv2%2Fmedia&parent=208934"}],"wp:term":[{"taxonomy":"category","embeddable":true,"href":"https:\/\/diarioregionaldigital.com.br\/index.php?rest_route=%2Fwp%2Fv2%2Fcategories&post=208934"},{"taxonomy":"post_tag","embeddable":true,"href":"https:\/\/diarioregionaldigital.com.br\/index.php?rest_route=%2Fwp%2Fv2%2Ftags&post=208934"}],"curies":[{"name":"wp","href":"https:\/\/api.w.org\/{rel}","templated":true}]}}