{"id":208930,"date":"2023-01-11T18:24:23","date_gmt":"2023-01-11T21:24:23","guid":{"rendered":"https:\/\/diarioregionaldigital.com.br\/?p=208930"},"modified":"2023-01-11T18:24:23","modified_gmt":"2023-01-11T21:24:23","slug":"wellington-dias-deve-apresentar-novo-bolsa-familia-em-fevereiro","status":"publish","type":"post","link":"https:\/\/diarioregionaldigital.com.br\/?p=208930","title":{"rendered":"Wellington Dias deve apresentar novo Bolsa Fam\u00edlia em fevereiro"},"content":{"rendered":"<p>O ministro do Desenvolvimento e Assist\u00eancia Social, Fam\u00edlia e Combate \u00e0 Fome, Wellington Dias, anunciou hoje (11) que em fevereiro vai apresentar a proposta de um novo Bolsa Fam\u00edlia. Segundo o ministro, o programa ter\u00e1 o foco na integra\u00e7\u00e3o com o\u00a0Sistema \u00danico de Assist\u00eancia Social e na atualiza\u00e7\u00e3o do Cadastro \u00danico.<img decoding=\"async\" src=\"https:\/\/agenciabrasil.ebc.com.br\/ebc.png?id=1503736&amp;o=node\" \/><img decoding=\"async\" src=\"https:\/\/agenciabrasil.ebc.com.br\/ebc.gif?id=1503736&amp;o=node\" \/><\/p>\n<p>Ao sair de reuni\u00e3o com o presidente Luiz In\u00e1cio Lula da Silva no Pal\u00e1cio do Planalto, o ministro disse que a partir de fevereiro o governo vai come\u00e7ar a fazer uma busca ativa para\u00a0 incluir quem est\u00e1 fora do programa,\u00a0vai come\u00e7ar a pagar R$ 150 reais para quem tem filhos menores de seis anos e atualizar cerca de 10 milh\u00f5es de benef\u00edcios que t\u00eam \u201cind\u00edcios de irregularidades\u201d.<\/p>\n<p>\u201cUma parte consider\u00e1vel que estar\u00e1 passando pelo crivo dessas atualiza\u00e7\u00f5es. S\u00e3o cerca 10 milh\u00f5es [de benef\u00edcios], desses, temos cerca de 6 milh\u00f5es que s\u00e3o aqueles que estamos olhando com prioridade, onde est\u00e3o as fam\u00edlias unipessoais, que entraram principalmente nesse \u00faltimo per\u00edodo\u201d, explicou o ministro, e complementou: \u201csempre com foco em garantir que a gente tenha todo o cuidado com os que mais precisam\u201d.<\/p>\n<p>Dias ressaltou que a meta do governo \u00e9 ainda durante o mandato tirar o Brasil do Mapa da Fome e da Inseguran\u00e7a Alimentar e Nutricional.<\/p>\n<p><span style=\"font-weight: 400;\">Fonte: Ag\u00eancia Brasil <\/span><\/p>\n","protected":false},"excerpt":{"rendered":"<p>O ministro do Desenvolvimento e Assist\u00eancia Social, Fam\u00edlia e Combate \u00e0 Fome, Wellington Dias, anunciou hoje (11) que em fevereiro vai apresentar a proposta de um novo Bolsa Fam\u00edlia. Segundo o ministro, o programa ter\u00e1 o foco na integra\u00e7\u00e3o com o\u00a0Sistema \u00danico de Assist\u00eancia Social e na atualiza\u00e7\u00e3o do Cadastro \u00danico. Ao sair de reuni\u00e3o [&hellip;]<\/p>\n","protected":false},"author":246,"featured_media":208931,"comment_status":"closed","ping_status":"closed","sticky":false,"template":"","format":"standard","meta":{"footnotes":""},"categories":[436,440,254,439],"tags":[],"class_list":["post-208930","post","type-post","status-publish","format-standard","has-post-thumbnail","hentry","category-destaque-da-semana","category-destaques-do-dia","category-politica","category-ultima-hora"],"_links":{"self":[{"href":"https:\/\/diarioregionaldigital.com.br\/index.php?rest_route=\/wp\/v2\/posts\/208930","targetHints":{"allow":["GET"]}}],"collection":[{"href":"https:\/\/diarioregionaldigital.com.br\/index.php?rest_route=\/wp\/v2\/posts"}],"about":[{"href":"https:\/\/diarioregionaldigital.com.br\/index.php?rest_route=\/wp\/v2\/types\/post"}],"author":[{"embeddable":true,"href":"https:\/\/diarioregionaldigital.com.br\/index.php?rest_route=\/wp\/v2\/users\/246"}],"replies":[{"embeddable":true,"href":"https:\/\/diarioregionaldigital.com.br\/index.php?rest_route=%2Fwp%2Fv2%2Fcomments&post=208930"}],"version-history":[{"count":2,"href":"https:\/\/diarioregionaldigital.com.br\/index.php?rest_route=\/wp\/v2\/posts\/208930\/revisions"}],"predecessor-version":[{"id":208933,"href":"https:\/\/diarioregionaldigital.com.br\/index.php?rest_route=\/wp\/v2\/posts\/208930\/revisions\/208933"}],"wp:featuredmedia":[{"embeddable":true,"href":"https:\/\/diarioregionaldigital.com.br\/index.php?rest_route=\/wp\/v2\/media\/208931"}],"wp:attachment":[{"href":"https:\/\/diarioregionaldigital.com.br\/index.php?rest_route=%2Fwp%2Fv2%2Fmedia&parent=208930"}],"wp:term":[{"taxonomy":"category","embeddable":true,"href":"https:\/\/diarioregionaldigital.com.br\/index.php?rest_route=%2Fwp%2Fv2%2Fcategories&post=208930"},{"taxonomy":"post_tag","embeddable":true,"href":"https:\/\/diarioregionaldigital.com.br\/index.php?rest_route=%2Fwp%2Fv2%2Ftags&post=208930"}],"curies":[{"name":"wp","href":"https:\/\/api.w.org\/{rel}","templated":true}]}}