{"id":208919,"date":"2023-01-11T18:13:05","date_gmt":"2023-01-11T21:13:05","guid":{"rendered":"https:\/\/diarioregionaldigital.com.br\/?p=208919"},"modified":"2023-01-11T18:13:05","modified_gmt":"2023-01-11T21:13:05","slug":"banco-central-commodities-e-inercia-pressionaram-inflacao-em-2022","status":"publish","type":"post","link":"https:\/\/diarioregionaldigital.com.br\/?p=208919","title":{"rendered":"Banco Central: commodities e in\u00e9rcia pressionaram infla\u00e7\u00e3o em 2022"},"content":{"rendered":"<div class=\"post-item-wrap\">\n<p>O encarecimento das\u00a0<em>commodities<\/em>\u00a0(bens prim\u00e1rios com cota\u00e7\u00e3o internacional), os gargalos nas cadeias de produ\u00e7\u00e3o globais e a in\u00e9rcia de reajustes do ano anterior foram os principais respons\u00e1veis por pressionar os pre\u00e7os em 2022. Os motivos constam de carta enviada pelo presidente do Banco Central (BC), Roberto Campos Neto, ao ministro da Fazenda, Fernando Haddad, para justificar o descumprimento da meta de infla\u00e7\u00e3o no ano passado.<img decoding=\"async\" src=\"https:\/\/agenciabrasil.ebc.com.br\/ebc.png?id=1503503&amp;o=node\" \/><img decoding=\"async\" src=\"https:\/\/agenciabrasil.ebc.com.br\/ebc.gif?id=1503503&amp;o=node\" \/><\/p>\n<p>Segundo o documento, a autoridade monet\u00e1ria prev\u00ea que a infla\u00e7\u00e3o oficial pelo \u00cdndice Nacional de Pre\u00e7os ao Consumidor Amplo (IPCA) cair\u00e1 de 5,79% em 2022 para 5% em 2023. Mesmo assim, ficar\u00e1 acima da meta para este ano, fixada em 3,25%, podendo chegar a 4,75%, por causa da margem de toler\u00e2ncia de 1,5 ponto percentual.<\/p>\n<p>A volta da cobran\u00e7a de tributos sobre os combust\u00edveis que tinha sido reduzida em 2022, destacou o presidente do BC, ter\u00e1 impactos na infla\u00e7\u00e3o deste ano. \u201cNesse cen\u00e1rio, em 2023, a infla\u00e7\u00e3o ainda se mant\u00e9m superior \u00e0 meta, em virtude principalmente da hip\u00f3tese do retorno da tributa\u00e7\u00e3o federal sobre combust\u00edveis nesse ano e dos efeitos inerciais da infla\u00e7\u00e3o de 2022\u201d, escreveu Campos Neto na carta. A in\u00e9rcia inflacion\u00e1ria corresponde a reajustes atrelados a pre\u00e7os corrigidos pela infla\u00e7\u00e3o do ano anterior, como alugu\u00e9is.<\/p>\n<p>De acordo com o presidente do BC, a infla\u00e7\u00e3o s\u00f3 ficar\u00e1 dentro da meta a partir de 2024, quando dever\u00e1 ficar em 3%, e em 2025 (2,8%). Para esses dois anos, o Conselho Monet\u00e1rio Nacional (CMN) estabelece uma meta de 3% para o IPCA, com margem de toler\u00e2ncia de 1,5 ponto percentual. Em 2022, a meta estava em 3,5%, com a mesma margem de toler\u00e2ncia, e podia variar entre 2% e 5%.<\/p>\n<h2>Obriga\u00e7\u00e3o<\/h2>\n<p>Pela legisla\u00e7\u00e3o em vigor desde o fim da d\u00e9cada de 1990, o presidente do BC precisa enviar uma carta ao ministro da Fazenda justificando o descumprimento das metas de infla\u00e7\u00e3o estabelecidas pelo CMN. Essa foi a s\u00e9tima vez que isso ocorreu.<\/p>\n<p>Em 2003, 2004, 2005, 2017 e 2022, o Banco Central enviou cartas porque o IPCA dos anos anteriores havia estourado o teto da meta. Em 2018, a autoridade monet\u00e1ria enviou uma carta porque a infla\u00e7\u00e3o havia ficado abaixo do piso.<\/p>\n<p>No ano passado, o\u00a0<a href=\"https:\/\/agenciabrasil.ebc.com.br\/economia\/noticia\/2023-01\/inflacao-oficial-fecha-2022-em-579\" target=\"_blank\" rel=\"noopener\">IPCA ficou em 5,79%<\/a>. Segundo o IBGE, a alimenta\u00e7\u00e3o foi o principal item respons\u00e1vel por fazer a infla\u00e7\u00e3o estourar o teto da meta pelo segundo ano seguido.<\/p>\n<\/div>\n<p class=\"alt-font font-italic my-2 small text-info\"><span style=\"font-weight: 400;\"><br \/>\n<\/span><span style=\"font-weight: 400;\">Fonte: Ag\u00eancia Brasil <\/span><\/p>\n","protected":false},"excerpt":{"rendered":"<p>O encarecimento das\u00a0commodities\u00a0(bens prim\u00e1rios com cota\u00e7\u00e3o internacional), os gargalos nas cadeias de produ\u00e7\u00e3o globais e a in\u00e9rcia de reajustes do ano anterior foram os principais respons\u00e1veis por pressionar os pre\u00e7os em 2022. Os motivos constam de carta enviada pelo presidente do Banco Central (BC), Roberto Campos Neto, ao ministro da Fazenda, Fernando Haddad, para justificar [&hellip;]<\/p>\n","protected":false},"author":246,"featured_media":208920,"comment_status":"closed","ping_status":"closed","sticky":false,"template":"","format":"standard","meta":{"footnotes":""},"categories":[436,261,439],"tags":[],"class_list":["post-208919","post","type-post","status-publish","format-standard","has-post-thumbnail","hentry","category-destaque-da-semana","category-economia","category-ultima-hora"],"_links":{"self":[{"href":"https:\/\/diarioregionaldigital.com.br\/index.php?rest_route=\/wp\/v2\/posts\/208919","targetHints":{"allow":["GET"]}}],"collection":[{"href":"https:\/\/diarioregionaldigital.com.br\/index.php?rest_route=\/wp\/v2\/posts"}],"about":[{"href":"https:\/\/diarioregionaldigital.com.br\/index.php?rest_route=\/wp\/v2\/types\/post"}],"author":[{"embeddable":true,"href":"https:\/\/diarioregionaldigital.com.br\/index.php?rest_route=\/wp\/v2\/users\/246"}],"replies":[{"embeddable":true,"href":"https:\/\/diarioregionaldigital.com.br\/index.php?rest_route=%2Fwp%2Fv2%2Fcomments&post=208919"}],"version-history":[{"count":2,"href":"https:\/\/diarioregionaldigital.com.br\/index.php?rest_route=\/wp\/v2\/posts\/208919\/revisions"}],"predecessor-version":[{"id":208922,"href":"https:\/\/diarioregionaldigital.com.br\/index.php?rest_route=\/wp\/v2\/posts\/208919\/revisions\/208922"}],"wp:featuredmedia":[{"embeddable":true,"href":"https:\/\/diarioregionaldigital.com.br\/index.php?rest_route=\/wp\/v2\/media\/208920"}],"wp:attachment":[{"href":"https:\/\/diarioregionaldigital.com.br\/index.php?rest_route=%2Fwp%2Fv2%2Fmedia&parent=208919"}],"wp:term":[{"taxonomy":"category","embeddable":true,"href":"https:\/\/diarioregionaldigital.com.br\/index.php?rest_route=%2Fwp%2Fv2%2Fcategories&post=208919"},{"taxonomy":"post_tag","embeddable":true,"href":"https:\/\/diarioregionaldigital.com.br\/index.php?rest_route=%2Fwp%2Fv2%2Ftags&post=208919"}],"curies":[{"name":"wp","href":"https:\/\/api.w.org\/{rel}","templated":true}]}}