{"id":208916,"date":"2023-01-11T18:09:32","date_gmt":"2023-01-11T21:09:32","guid":{"rendered":"https:\/\/diarioregionaldigital.com.br\/?p=208916"},"modified":"2023-01-11T18:09:32","modified_gmt":"2023-01-11T21:09:32","slug":"tebet-anuncia-secretarios-do-ministerio-do-planejamento-e-orcamento","status":"publish","type":"post","link":"https:\/\/diarioregionaldigital.com.br\/?p=208916","title":{"rendered":"Tebet anuncia secret\u00e1rios do Minist\u00e9rio do Planejamento e Or\u00e7amento"},"content":{"rendered":"<p>Uma equipe diversa, com linhas de pensamento diferentes, e atuando em harmonia com outros minist\u00e9rios da \u00e1rea econ\u00f4mica. Assim a ministra do Planejamento e Or\u00e7amento, Simone Tebet, anunciou os cinco secret\u00e1rios da pasta.<img decoding=\"async\" src=\"https:\/\/agenciabrasil.ebc.com.br\/ebc.png?id=1503688&amp;o=node\" \/><img decoding=\"async\" src=\"https:\/\/agenciabrasil.ebc.com.br\/ebc.gif?id=1503688&amp;o=node\" \/><\/p>\n<p>Em cerim\u00f4nia de an\u00fancio, ela comparou a equipe a \u201cum coral\u201d, em que os nomes se complementam, mesmo com pensamentos econ\u00f4micos distintos. \u201cA partitura maior est\u00e1 com o presidente da Rep\u00fablica, o maestro m\u00f3r Lula\u201d, declarou.<\/p>\n<p>\u201cProcurei tamb\u00e9m, nessa diversidade, trazer linhas de pensamento econ\u00f4mico diferentes. Os diferentes que v\u00e3o fazer com que a gente possa chegar a um denominador comum e n\u00e3o errar. S\u00e3o escolas com pensamentos diferentes, temos a UnB [Universidade de Bras\u00edlia], a PUC-RJ [Pontif\u00edcia Universidade Cat\u00f3lica do Rio\u00a0de Janeiro], temos o Insper, a Unicamp [Universidade de Campinas], fora toda a experi\u00eancia internacional\u201d, disse a ministra.<\/p>\n<p>Uma das primeiras miss\u00f5es de Simone Tebet na pasta \u00e9 a elabora\u00e7\u00e3o do Plano Plurianual (PPA) 2024-2027, que estabelece as prioridades de gastos nos pr\u00f3ximos quatro anos. Segundo ela, existe a necessidade de implementar uma pol\u00edtica de acompanhamento de gastos e de pol\u00edticas p\u00fablicas executadas pelos demais minist\u00e9rios.<\/p>\n<p>\u201cAqui \u00e9 um corpo t\u00e9cnico, portanto, as decis\u00f5es primeiro s\u00e3o t\u00e9cnicas. Depois uma an\u00e1lise pol\u00edtica junto com a Casa Civil, com os demais minist\u00e9rios, n\u00f3s vamos estar sempre discutindo as relev\u00e2ncias e as prioridades das pol\u00edticas p\u00fablicas para levar \u00e0 decis\u00e3o final do presidente da Rep\u00fablica, Luiz In\u00e1cio Lula da Silva\u201d, explicou a ministra.<\/p>\n<div class=\"dnd-widget-wrapper context-cheio_8colunas type-image\">\n<div class=\"dnd-atom-rendered\">\n<div class=\"shadow overflow-hidden rounded-lg d-block zoom-on-hover-sm shadow-hover w-100\"><img decoding=\"async\" class=\"flex-fill img-cover\" title=\"Fabio Rodrigues-Pozzebom\/ Ag\u00eancia Brasil\" src=\"https:\/\/imagens.ebc.com.br\/e73wEkL8KOrwKhHRjCCj8yv4YoA=\/754x0\/smart\/https:\/\/agenciabrasil.ebc.com.br\/sites\/default\/files\/thumbnails\/image\/pzzb9048.jpg?itok=MfD5XCcE\" alt=\"A ministra do Planejamento e Or\u00e7amento, Simone Tebet, faz an\u00fancio do grupo de secret\u00e1rios da pasta.\" \/><\/div>\n<\/div>\n<div class=\"dnd-caption-wrapper\">\n<h6 class=\"meta\">A ministra do Planejamento e Or\u00e7amento, Simone Tebet, faz an\u00fancio do grupo de secret\u00e1rios da pasta. &#8211;\u00a0<strong>Fabio Rodrigues-Pozzebom\/ Ag\u00eancia Brasil<\/strong><\/h6>\n<\/div>\n<\/div>\n<h2>Confira os nomes dos novos secret\u00e1rios:<\/h2>\n<p>\u2022 \u00a0 Secretaria-executiva: Gustavo Guimar\u00e3es, servidor do Banco Central, secret\u00e1rio parlamentar no Senado desde janeiro de 2022 e ex-secret\u00e1rio de Avalia\u00e7\u00e3o, Planejamento, Energia e Loteria do Minist\u00e9rio da Economia. O secret\u00e1rio-executivo coordena o funcionamento do minist\u00e9rio e atua como n\u00famero dois da pasta.<\/p>\n<p>\u2022 \u00a0 Secretaria de Or\u00e7amento Federal: Paulo Bijos, consultor de Or\u00e7amento e Fiscaliza\u00e7\u00e3o Financeira da C\u00e2mara dos Deputados desde 2016, ex-consultor do Senado e ex-auditor do Tribunal de Contas do Estado de S\u00e3o Paulo. \u00d3rg\u00e3o encarregado de elaborar o Or\u00e7amento e de definir a necessidade de eventuais contingenciamentos (bloqueio) de gastos para cumprir as metas fiscais.<\/p>\n<p>\u2022 \u00a0 Secretaria de Planejamento: Leany Lemos, secret\u00e1ria de Planejamento do Distrito Federal, no governo de Rodrigo Rollemberg (2015-2018). Ocupou a mesma fun\u00e7\u00e3o no governo do Rio Grande do Sul no primeiro mandato de Eduardo Leite e presidente do Banco Regional de Desenvolvimento do Extremo Sul (BRDE) desde dezembro de 2020.<\/p>\n<p>\u2022 \u00a0 Secretaria de Monitoramento e Avalia\u00e7\u00e3o para o Aperfei\u00e7oamento de Pol\u00edtica P\u00fablicas, S\u00e9rgio Firpo, economista do Insper. Secretaria ficar\u00e1 encarregada de acompanhar os gastos p\u00fablicos e identificar a necessidade de eventuais mudan\u00e7as em pol\u00edticas e programas do governo.<\/p>\n<p>\u2022 \u00a0 Secretaria de Assuntos Econ\u00f4micos, Desenvolvimento, Financiamento Externo e Integra\u00e7\u00e3o Nacional: Renata Amaral, doutora em Direito do Com\u00e9rcio Internacional, com atua\u00e7\u00e3o na Organiza\u00e7\u00e3o Mundial do Com\u00e9rcio (OMC). \u00d3rg\u00e3o autoriza financiamentos multilaterais, como Banco Mundial e Banco Interamericano de Desenvolvimento.<\/p>\n<p><span style=\"font-weight: 400;\">Fonte: Ag\u00eancia Brasil <\/span><\/p>\n","protected":false},"excerpt":{"rendered":"<p>Uma equipe diversa, com linhas de pensamento diferentes, e atuando em harmonia com outros minist\u00e9rios da \u00e1rea econ\u00f4mica. Assim a ministra do Planejamento e Or\u00e7amento, Simone Tebet, anunciou os cinco secret\u00e1rios da pasta. Em cerim\u00f4nia de an\u00fancio, ela comparou a equipe a \u201cum coral\u201d, em que os nomes se complementam, mesmo com pensamentos econ\u00f4micos distintos. [&hellip;]<\/p>\n","protected":false},"author":246,"featured_media":208917,"comment_status":"closed","ping_status":"closed","sticky":false,"template":"","format":"standard","meta":{"footnotes":""},"categories":[436,440,261,439],"tags":[],"class_list":["post-208916","post","type-post","status-publish","format-standard","has-post-thumbnail","hentry","category-destaque-da-semana","category-destaques-do-dia","category-economia","category-ultima-hora"],"_links":{"self":[{"href":"https:\/\/diarioregionaldigital.com.br\/index.php?rest_route=\/wp\/v2\/posts\/208916","targetHints":{"allow":["GET"]}}],"collection":[{"href":"https:\/\/diarioregionaldigital.com.br\/index.php?rest_route=\/wp\/v2\/posts"}],"about":[{"href":"https:\/\/diarioregionaldigital.com.br\/index.php?rest_route=\/wp\/v2\/types\/post"}],"author":[{"embeddable":true,"href":"https:\/\/diarioregionaldigital.com.br\/index.php?rest_route=\/wp\/v2\/users\/246"}],"replies":[{"embeddable":true,"href":"https:\/\/diarioregionaldigital.com.br\/index.php?rest_route=%2Fwp%2Fv2%2Fcomments&post=208916"}],"version-history":[{"count":1,"href":"https:\/\/diarioregionaldigital.com.br\/index.php?rest_route=\/wp\/v2\/posts\/208916\/revisions"}],"predecessor-version":[{"id":208918,"href":"https:\/\/diarioregionaldigital.com.br\/index.php?rest_route=\/wp\/v2\/posts\/208916\/revisions\/208918"}],"wp:featuredmedia":[{"embeddable":true,"href":"https:\/\/diarioregionaldigital.com.br\/index.php?rest_route=\/wp\/v2\/media\/208917"}],"wp:attachment":[{"href":"https:\/\/diarioregionaldigital.com.br\/index.php?rest_route=%2Fwp%2Fv2%2Fmedia&parent=208916"}],"wp:term":[{"taxonomy":"category","embeddable":true,"href":"https:\/\/diarioregionaldigital.com.br\/index.php?rest_route=%2Fwp%2Fv2%2Fcategories&post=208916"},{"taxonomy":"post_tag","embeddable":true,"href":"https:\/\/diarioregionaldigital.com.br\/index.php?rest_route=%2Fwp%2Fv2%2Ftags&post=208916"}],"curies":[{"name":"wp","href":"https:\/\/api.w.org\/{rel}","templated":true}]}}