{"id":208905,"date":"2023-01-10T17:25:10","date_gmt":"2023-01-10T20:25:10","guid":{"rendered":"https:\/\/diarioregionaldigital.com.br\/?p=208905"},"modified":"2023-01-10T17:25:10","modified_gmt":"2023-01-10T20:25:10","slug":"pjf-intensifica-operacao-tapa-buracos-nesta-terca-10","status":"publish","type":"post","link":"https:\/\/diarioregionaldigital.com.br\/?p=208905","title":{"rendered":"PJF intensifica opera\u00e7\u00e3o tapa-buracos nesta ter\u00e7a, 10"},"content":{"rendered":"<p>Segundo informa\u00e7\u00f5es do site da Prefeitura de Juiz de Fora (PJF), a PJF aproveitou a estiagem na manh\u00e3 desta ter\u00e7a-feira, 10, e intensificou os trabalhos da opera\u00e7\u00e3o tapa-buracos em diversos pontos da cidade. Por conta da chuva intensa, antes de realizarem as recomposi\u00e7\u00f5es, os trabalhadores da PJF retiraram a \u00e1gua e a lama que empo\u00e7aram dentro dos buracos.<\/p>\n<p>Dentre os locais atendidos, destaque para a zona norte, onde equipes da Empresa Municipal de Pavimenta\u00e7\u00e3o e Urbanidades (Empav) atuaram nos bairros Santa Cruz, Barbosa Lage e Industrial, entre outros. No bairro Santa Cruz, a rua atendida foi a Maria C\u00e2ndida de Jesus, localizada pr\u00f3ximo ao Caic N\u00fabia.<\/p>\n<p>O diretor-presidente da Empav, Richard Tavares, reitera que a interven\u00e7\u00e3o seguir\u00e1 em andamento sempre que o tempo permitir. \u201cTemos acompanhado as previs\u00f5es do tempo junto \u00e0 Defesa Civil, e nos planejamos para aproveitarmos todo e qualquer intervalo maior entre as chuvas para executar os nossos trabalhos, principalmente as recomposi\u00e7\u00f5es asf\u00e1lticas. Assim como temos feito nos \u00faltimos meses, intensificamos a opera\u00e7\u00e3o tapa-buracos durante a estiagem\u201d, afirma Richard.<\/p>\n<p>Trabalhadores da Empav atuaram tamb\u00e9m nas avenidas Juscelino Kubitschek e Garcia Rodrigues Paes, duas importantes e movimentadas vias de acesso a toda zona norte e \u00e0s entradas e sa\u00eddas da cidade.<\/p>\n<p>Para solicitar servi\u00e7os de zeladoria em vias p\u00fablicas, como tapa-buracos, poda e corte de \u00e1rvores, limpeza de pra\u00e7as e outros, entre em contato com o Gabinete de A\u00e7\u00e3o e Di\u00e1logo Comunit\u00e1rio, atrav\u00e9s do telefone (32) 3690-7241 (liga\u00e7\u00e3o ou WhatsApp).<\/p>\n","protected":false},"excerpt":{"rendered":"<p>Segundo informa\u00e7\u00f5es do site da Prefeitura de Juiz de Fora (PJF), a PJF aproveitou a estiagem na manh\u00e3 desta ter\u00e7a-feira, 10, e intensificou os trabalhos da opera\u00e7\u00e3o tapa-buracos em diversos pontos da cidade. Por conta da chuva intensa, antes de realizarem as recomposi\u00e7\u00f5es, os trabalhadores da PJF retiraram a \u00e1gua e a lama que empo\u00e7aram [&hellip;]<\/p>\n","protected":false},"author":246,"featured_media":208906,"comment_status":"closed","ping_status":"closed","sticky":false,"template":"","format":"standard","meta":{"footnotes":""},"categories":[253,436,439],"tags":[],"class_list":["post-208905","post","type-post","status-publish","format-standard","has-post-thumbnail","hentry","category-cidade","category-destaque-da-semana","category-ultima-hora"],"_links":{"self":[{"href":"https:\/\/diarioregionaldigital.com.br\/index.php?rest_route=\/wp\/v2\/posts\/208905","targetHints":{"allow":["GET"]}}],"collection":[{"href":"https:\/\/diarioregionaldigital.com.br\/index.php?rest_route=\/wp\/v2\/posts"}],"about":[{"href":"https:\/\/diarioregionaldigital.com.br\/index.php?rest_route=\/wp\/v2\/types\/post"}],"author":[{"embeddable":true,"href":"https:\/\/diarioregionaldigital.com.br\/index.php?rest_route=\/wp\/v2\/users\/246"}],"replies":[{"embeddable":true,"href":"https:\/\/diarioregionaldigital.com.br\/index.php?rest_route=%2Fwp%2Fv2%2Fcomments&post=208905"}],"version-history":[{"count":1,"href":"https:\/\/diarioregionaldigital.com.br\/index.php?rest_route=\/wp\/v2\/posts\/208905\/revisions"}],"predecessor-version":[{"id":208907,"href":"https:\/\/diarioregionaldigital.com.br\/index.php?rest_route=\/wp\/v2\/posts\/208905\/revisions\/208907"}],"wp:featuredmedia":[{"embeddable":true,"href":"https:\/\/diarioregionaldigital.com.br\/index.php?rest_route=\/wp\/v2\/media\/208906"}],"wp:attachment":[{"href":"https:\/\/diarioregionaldigital.com.br\/index.php?rest_route=%2Fwp%2Fv2%2Fmedia&parent=208905"}],"wp:term":[{"taxonomy":"category","embeddable":true,"href":"https:\/\/diarioregionaldigital.com.br\/index.php?rest_route=%2Fwp%2Fv2%2Fcategories&post=208905"},{"taxonomy":"post_tag","embeddable":true,"href":"https:\/\/diarioregionaldigital.com.br\/index.php?rest_route=%2Fwp%2Fv2%2Ftags&post=208905"}],"curies":[{"name":"wp","href":"https:\/\/api.w.org\/{rel}","templated":true}]}}