{"id":208902,"date":"2023-01-10T17:23:49","date_gmt":"2023-01-10T20:23:49","guid":{"rendered":"https:\/\/diarioregionaldigital.com.br\/?p=208902"},"modified":"2023-01-10T17:23:49","modified_gmt":"2023-01-10T20:23:49","slug":"pjf-oferece-692-vagas-nas-oficinas-culturais-do-programa-gente-em-primeiro-lugar","status":"publish","type":"post","link":"https:\/\/diarioregionaldigital.com.br\/?p=208902","title":{"rendered":"PJF oferece 692 vagas nas oficinas culturais do Programa Gente em Primeiro Lugar"},"content":{"rendered":"<p>Segundo informa\u00e7\u00f5es do site da Prefeitura de Juiz de Fora (PJF), a PJF abre na pr\u00f3xima segunda-feira, 16, as inscri\u00e7\u00f5es para 692 vagas nas oficinas culturais do Programa Gente em Primeiro Lugar, realizadas no Centro Cultural Dnar Rocha , localizado na Rua Mariano Proc\u00f3pio 973, em frente ao parque do Museu Mariano Proc\u00f3pio. Com o per\u00edodo de rematr\u00edculas j\u00e1 encerrado, as oportunidades s\u00e3o voltadas para novos alunos, seguindo uma escala, conforme a oficina desejada.<\/p>\n<div id=\"box_texto_noticia\">\n<p>As oficinas s\u00e3o inteiramente gratuitas e h\u00e1 oportunidades para crian\u00e7as (a partir dos 6 anos), adolescentes, jovens, adultos e idosos.\u00a0Para se inscrever basta se dirigir ao equipamento urbano, nos dias agendados,\u00a0das 8h \u00e0s 12h e das 14h \u00e0s 19h. \u00c9 necess\u00e1rio apresentar\u00a0<strong>xerox<\/strong>\u00a0dos seguintes documentos:<\/p>\n<p>&#8211; RG ou certid\u00e3o de nascimento do inscrito<\/p>\n<p>&#8211; RG do respons\u00e1vel pelo inscrito, no caso de menores de 18 anos<\/p>\n<p>&#8211; Xerox do comprovante de resid\u00eancia<\/p>\n<p>&#8211; Xerox do laudo de sa\u00fade, no caso de pessoas com defici\u00eancia<\/p>\n<p><strong>Confira a escala de inscri\u00e7\u00e3o:<\/strong><br \/>\n<strong>Dias 16 e 23 de janeiro<\/strong><\/p>\n<p>&#8211;\u00a0Artes Visuais<\/p>\n<p>&#8211;\u00a0Bal\u00e9<\/p>\n<p>&#8211;\u00a0Dan\u00e7as Urbanas<\/p>\n<p>&#8211;\u00a0Dan\u00e7as Populares<\/p>\n<p>&#8211;\u00a0Samba<\/p>\n<p>&#8211;\u00a0Teatro<\/p>\n<p><strong>Dias\u00a0<\/strong><strong>17 e 24 de janeiro<\/strong><\/p>\n<p>&#8211;\u00a0Capoeira<\/p>\n<p>&#8211;\u00a0Flauta<\/p>\n<p>&#8211;\u00a0Musicaliza\u00e7\u00e3o<\/p>\n<p>&#8211;\u00a0Percuss\u00e3o<\/p>\n<p>&#8211;\u00a0Teclado<\/p>\n<p>&#8211;\u00a0Viol\u00e3o<\/p>\n<p>&#8211;\u00a0Novas Tecnologias<br \/>\n<strong>Dias 18, 19 e 25 de janeiro\u00a0<\/strong><\/p>\n<p>&#8211;\u00a0Pessoas interessadas em se matricular em mais de uma duas oficinas, em quaisquer \u00e1reas<\/p>\n<p>Implantado h\u00e1 13 anos, o Gente em Primeiro Lugar constitui uma pol\u00edtica p\u00fablica que aposta na cultura como ferramenta para promover transforma\u00e7\u00e3o social e construir cidadania. Gerenciado pela Funda\u00e7\u00e3o Cultural Alfredo Ferreira Lage (Funalfa), com execu\u00e7\u00e3o pela Associa\u00e7\u00e3o Municipal de Apoio Comunit\u00e1rio (Amac), o programa mant\u00e9m oficinas continuadas de arte e cultura no Centro Cultural Dnar Rocha em v\u00e1rios territ\u00f3rios de Juiz de Fora.<\/p>\n<\/div>\n<p>&nbsp;<\/p>\n<div id=\"box_compartilhar\" align=\"right\"><\/div>\n","protected":false},"excerpt":{"rendered":"<p>Segundo informa\u00e7\u00f5es do site da Prefeitura de Juiz de Fora (PJF), a PJF abre na pr\u00f3xima segunda-feira, 16, as inscri\u00e7\u00f5es para 692 vagas nas oficinas culturais do Programa Gente em Primeiro Lugar, realizadas no Centro Cultural Dnar Rocha , localizado na Rua Mariano Proc\u00f3pio 973, em frente ao parque do Museu Mariano Proc\u00f3pio. Com o [&hellip;]<\/p>\n","protected":false},"author":246,"featured_media":208903,"comment_status":"closed","ping_status":"closed","sticky":false,"template":"","format":"standard","meta":{"footnotes":""},"categories":[253,436,439],"tags":[],"class_list":["post-208902","post","type-post","status-publish","format-standard","has-post-thumbnail","hentry","category-cidade","category-destaque-da-semana","category-ultima-hora"],"_links":{"self":[{"href":"https:\/\/diarioregionaldigital.com.br\/index.php?rest_route=\/wp\/v2\/posts\/208902","targetHints":{"allow":["GET"]}}],"collection":[{"href":"https:\/\/diarioregionaldigital.com.br\/index.php?rest_route=\/wp\/v2\/posts"}],"about":[{"href":"https:\/\/diarioregionaldigital.com.br\/index.php?rest_route=\/wp\/v2\/types\/post"}],"author":[{"embeddable":true,"href":"https:\/\/diarioregionaldigital.com.br\/index.php?rest_route=\/wp\/v2\/users\/246"}],"replies":[{"embeddable":true,"href":"https:\/\/diarioregionaldigital.com.br\/index.php?rest_route=%2Fwp%2Fv2%2Fcomments&post=208902"}],"version-history":[{"count":1,"href":"https:\/\/diarioregionaldigital.com.br\/index.php?rest_route=\/wp\/v2\/posts\/208902\/revisions"}],"predecessor-version":[{"id":208904,"href":"https:\/\/diarioregionaldigital.com.br\/index.php?rest_route=\/wp\/v2\/posts\/208902\/revisions\/208904"}],"wp:featuredmedia":[{"embeddable":true,"href":"https:\/\/diarioregionaldigital.com.br\/index.php?rest_route=\/wp\/v2\/media\/208903"}],"wp:attachment":[{"href":"https:\/\/diarioregionaldigital.com.br\/index.php?rest_route=%2Fwp%2Fv2%2Fmedia&parent=208902"}],"wp:term":[{"taxonomy":"category","embeddable":true,"href":"https:\/\/diarioregionaldigital.com.br\/index.php?rest_route=%2Fwp%2Fv2%2Fcategories&post=208902"},{"taxonomy":"post_tag","embeddable":true,"href":"https:\/\/diarioregionaldigital.com.br\/index.php?rest_route=%2Fwp%2Fv2%2Ftags&post=208902"}],"curies":[{"name":"wp","href":"https:\/\/api.w.org\/{rel}","templated":true}]}}