{"id":208899,"date":"2023-01-10T17:20:57","date_gmt":"2023-01-10T20:20:57","guid":{"rendered":"https:\/\/diarioregionaldigital.com.br\/?p=208899"},"modified":"2023-01-10T17:20:57","modified_gmt":"2023-01-10T20:20:57","slug":"acesso-norte-e-interditado-devido-ao-transbordamento-do-rio-paraibuna-no-bairro-industrial","status":"publish","type":"post","link":"https:\/\/diarioregionaldigital.com.br\/?p=208899","title":{"rendered":"Acesso Norte \u00e9 interditado devido ao transbordamento do Rio Paraibuna no bairro Industrial"},"content":{"rendered":"<p>Segundo informa\u00e7\u00f5es do site da Prefeitura de Juiz de Fora (PJF), os motoristas devem ficar atentos para o fechamento do Acesso Norte, Avenida Garcia Rodrigues Paes, a partir da entrada do Viaduto Engenheiro Ramirez Gonzalez, no sentido Centro\/bairro na tarde desta ter\u00e7a-feira, 10, devido ao transbordamento do Rio Paraibuna no bairro Industrial. A partir da Rua Doardino Longo, no sentido bairro\/Centro, a Avenida est\u00e1 com restri\u00e7\u00e3o de circula\u00e7\u00e3o de ve\u00edculos apenas de moradores.<\/p>\n<p>Os ve\u00edculos e as linhas de \u00f4nibus do transporte coletivo urbano est\u00e3o realizando o desvio pela Avenida Juscelino Kubitschek.<\/p>\n","protected":false},"excerpt":{"rendered":"<p>Segundo informa\u00e7\u00f5es do site da Prefeitura de Juiz de Fora (PJF), os motoristas devem ficar atentos para o fechamento do Acesso Norte, Avenida Garcia Rodrigues Paes, a partir da entrada do Viaduto Engenheiro Ramirez Gonzalez, no sentido Centro\/bairro na tarde desta ter\u00e7a-feira, 10, devido ao transbordamento do Rio Paraibuna no bairro Industrial. A partir da [&hellip;]<\/p>\n","protected":false},"author":246,"featured_media":208900,"comment_status":"closed","ping_status":"closed","sticky":false,"template":"","format":"standard","meta":{"footnotes":""},"categories":[253,436,439],"tags":[],"class_list":["post-208899","post","type-post","status-publish","format-standard","has-post-thumbnail","hentry","category-cidade","category-destaque-da-semana","category-ultima-hora"],"_links":{"self":[{"href":"https:\/\/diarioregionaldigital.com.br\/index.php?rest_route=\/wp\/v2\/posts\/208899","targetHints":{"allow":["GET"]}}],"collection":[{"href":"https:\/\/diarioregionaldigital.com.br\/index.php?rest_route=\/wp\/v2\/posts"}],"about":[{"href":"https:\/\/diarioregionaldigital.com.br\/index.php?rest_route=\/wp\/v2\/types\/post"}],"author":[{"embeddable":true,"href":"https:\/\/diarioregionaldigital.com.br\/index.php?rest_route=\/wp\/v2\/users\/246"}],"replies":[{"embeddable":true,"href":"https:\/\/diarioregionaldigital.com.br\/index.php?rest_route=%2Fwp%2Fv2%2Fcomments&post=208899"}],"version-history":[{"count":1,"href":"https:\/\/diarioregionaldigital.com.br\/index.php?rest_route=\/wp\/v2\/posts\/208899\/revisions"}],"predecessor-version":[{"id":208901,"href":"https:\/\/diarioregionaldigital.com.br\/index.php?rest_route=\/wp\/v2\/posts\/208899\/revisions\/208901"}],"wp:featuredmedia":[{"embeddable":true,"href":"https:\/\/diarioregionaldigital.com.br\/index.php?rest_route=\/wp\/v2\/media\/208900"}],"wp:attachment":[{"href":"https:\/\/diarioregionaldigital.com.br\/index.php?rest_route=%2Fwp%2Fv2%2Fmedia&parent=208899"}],"wp:term":[{"taxonomy":"category","embeddable":true,"href":"https:\/\/diarioregionaldigital.com.br\/index.php?rest_route=%2Fwp%2Fv2%2Fcategories&post=208899"},{"taxonomy":"post_tag","embeddable":true,"href":"https:\/\/diarioregionaldigital.com.br\/index.php?rest_route=%2Fwp%2Fv2%2Ftags&post=208899"}],"curies":[{"name":"wp","href":"https:\/\/api.w.org\/{rel}","templated":true}]}}