{"id":208894,"date":"2023-01-10T17:18:57","date_gmt":"2023-01-10T20:18:57","guid":{"rendered":"https:\/\/diarioregionaldigital.com.br\/?p=208894"},"modified":"2023-01-10T17:18:57","modified_gmt":"2023-01-10T20:18:57","slug":"mapeamento-apresenta-previa-do-modelo-de-rede-de-prevencao-e-enfrentamento-as-violencias-no-municipio","status":"publish","type":"post","link":"https:\/\/diarioregionaldigital.com.br\/?p=208894","title":{"rendered":"Mapeamento apresenta pr\u00e9via do modelo de Rede de Preven\u00e7\u00e3o e Enfrentamento \u00e0s Viol\u00eancias no munic\u00edpio"},"content":{"rendered":"<p>Segundo informa\u00e7\u00f5es do site da Prefeitura de Juiz de Fora (PJF), uma pr\u00e9via dos trabalhos do Eixo de Mapeamento do projeto \u201cCultura de Paz e Preven\u00e7\u00e3o das Viol\u00eancias: Tecendo Redes\u201d, parceria entre a Prefeitura de Juiz de Fora (PJF) e a Universidade Federal de Juiz de Fora (UFJF), foi apresentada na manh\u00e3 desta ter\u00e7a-feira, 10, em um encontro entre os coordenadores da iniciativa na UFJF. O professor coordenador do Eixo, Wagner Batella, mostrou os resultados preliminares do Cat\u00e1logo que referencia um modelo propositivo das institui\u00e7\u00f5es que integram e podem ampliar a rede de preven\u00e7\u00e3o e enfrentamento \u00e0s viol\u00eancias no munic\u00edpio. Todo o material cartogr\u00e1fico, com mapas, quadros, gr\u00e1ficos e an\u00e1lises, ser\u00e1 disponibilizado em breve \u00e0 PJF.<\/p>\n<p>A apresenta\u00e7\u00e3o oficial do trabalho est\u00e1 agendada para o dia 2 de fevereiro, quando acontece o F\u00f3rum Presencial do \u201cCultura de Paz\u201d. O professor Wagner explica que as atividades do eixo foram pautadas na resolu\u00e7\u00e3o que norteia o Plano Municipal de Vigil\u00e2ncia das Causas Externas e nas regras internas da cidade, como manuais, leis, instru\u00e7\u00f5es normativas e dos pr\u00f3prios processos como o Sistema \u00danico de Sa\u00fade \u00e9 estruturado. \u201cA partir da\u00ed, estruturamos duas dimens\u00f5es da Rede: a de Prote\u00e7\u00e3o ou Acolhimento, que envolve os servi\u00e7os p\u00fablicos ou conveniados, e os demais equipamentos que tamb\u00e9m prestam importante servi\u00e7o se enquadram na Rede Ampliada. Tamb\u00e9m focamos em quatro eixos principais: educa\u00e7\u00e3o, sa\u00fade, assist\u00eancia social e seguran\u00e7a\/justi\u00e7a\u201d.<\/p>\n<p>A professora coordenadora do N\u00facleo de Pesquisa Geografia, Espa\u00e7o e A\u00e7\u00e3o (NuGea\/UFJF), Clarice Cassab, destacou os quadros com as descri\u00e7\u00f5es informativas das institui\u00e7\u00f5es que comp\u00f5em a Rede. Segundo ela, tr\u00eas eixos de aten\u00e7\u00e3o protagonizam o Cat\u00e1logo: Atendimento, Responsabiliza\u00e7\u00e3o e Prote\u00e7\u00e3o. \u201cEsses eixos s\u00e3o subdivididos em redes, que seriam de Aten\u00e7\u00e3o \u00e0 Sa\u00fade e Assist\u00eancia, Educa\u00e7\u00e3o, Prote\u00e7\u00e3o, Seguran\u00e7a e Justi\u00e7a\u201d.<\/p>\n<p>O professor coordenador do N\u00facleo de Estudos de Pol\u00edticas de Drogas, Viol\u00eancia e Direitos Humanos (NEVIDH-UFJF), Paulo Fraga exibiu a An\u00e1lise de Fluxo de Redes de Enfrentamento \u00e0s Viol\u00eancias. Paulo frisou que a ideia metodol\u00f3gica \u00e9 trabalhar com o indiv\u00edduo, mas sempre situando-o em rela\u00e7\u00e3o ao outro. \u201cA proposta da Rede \u00e9 a de que seja, de fato, relacional\u201d. Para a coordenadora do \u201cCultura de Paz\u201d, Cacilda Andrade de S\u00e1, a apresenta\u00e7\u00e3o enfatizou um \u201cmaterial interessante, com informa\u00e7\u00f5es important\u00edssimas sobre os espa\u00e7os dispon\u00edveis no munic\u00edpio que podem ser melhorados, visando um melhor atendimento\u201d.<\/p>\n<p>Outras informa\u00e7\u00f5es:\u00a0<strong><a href=\"http:\/\/culturadepazjf.wordpress.com\/\">culturadepazjf.wordpress.com<\/a><\/strong>\u00a0ou @culturadepazjf<\/p>\n","protected":false},"excerpt":{"rendered":"<p>Segundo informa\u00e7\u00f5es do site da Prefeitura de Juiz de Fora (PJF), uma pr\u00e9via dos trabalhos do Eixo de Mapeamento do projeto \u201cCultura de Paz e Preven\u00e7\u00e3o das Viol\u00eancias: Tecendo Redes\u201d, parceria entre a Prefeitura de Juiz de Fora (PJF) e a Universidade Federal de Juiz de Fora (UFJF), foi apresentada na manh\u00e3 desta ter\u00e7a-feira, 10, [&hellip;]<\/p>\n","protected":false},"author":246,"featured_media":208895,"comment_status":"closed","ping_status":"closed","sticky":false,"template":"","format":"standard","meta":{"footnotes":""},"categories":[253,436,440,439],"tags":[],"class_list":["post-208894","post","type-post","status-publish","format-standard","has-post-thumbnail","hentry","category-cidade","category-destaque-da-semana","category-destaques-do-dia","category-ultima-hora"],"_links":{"self":[{"href":"https:\/\/diarioregionaldigital.com.br\/index.php?rest_route=\/wp\/v2\/posts\/208894","targetHints":{"allow":["GET"]}}],"collection":[{"href":"https:\/\/diarioregionaldigital.com.br\/index.php?rest_route=\/wp\/v2\/posts"}],"about":[{"href":"https:\/\/diarioregionaldigital.com.br\/index.php?rest_route=\/wp\/v2\/types\/post"}],"author":[{"embeddable":true,"href":"https:\/\/diarioregionaldigital.com.br\/index.php?rest_route=\/wp\/v2\/users\/246"}],"replies":[{"embeddable":true,"href":"https:\/\/diarioregionaldigital.com.br\/index.php?rest_route=%2Fwp%2Fv2%2Fcomments&post=208894"}],"version-history":[{"count":1,"href":"https:\/\/diarioregionaldigital.com.br\/index.php?rest_route=\/wp\/v2\/posts\/208894\/revisions"}],"predecessor-version":[{"id":208898,"href":"https:\/\/diarioregionaldigital.com.br\/index.php?rest_route=\/wp\/v2\/posts\/208894\/revisions\/208898"}],"wp:featuredmedia":[{"embeddable":true,"href":"https:\/\/diarioregionaldigital.com.br\/index.php?rest_route=\/wp\/v2\/media\/208895"}],"wp:attachment":[{"href":"https:\/\/diarioregionaldigital.com.br\/index.php?rest_route=%2Fwp%2Fv2%2Fmedia&parent=208894"}],"wp:term":[{"taxonomy":"category","embeddable":true,"href":"https:\/\/diarioregionaldigital.com.br\/index.php?rest_route=%2Fwp%2Fv2%2Fcategories&post=208894"},{"taxonomy":"post_tag","embeddable":true,"href":"https:\/\/diarioregionaldigital.com.br\/index.php?rest_route=%2Fwp%2Fv2%2Ftags&post=208894"}],"curies":[{"name":"wp","href":"https:\/\/api.w.org\/{rel}","templated":true}]}}