{"id":208847,"date":"2023-01-09T22:45:56","date_gmt":"2023-01-10T01:45:56","guid":{"rendered":"https:\/\/diarioregionaldigital.com.br\/?p=208847"},"modified":"2023-01-09T22:46:56","modified_gmt":"2023-01-10T01:46:56","slug":"demlurb-inicia-a-instalacao-e-reposicao-de-lixeiras-de-todos-os-nucleos-urbanos-dos-distritos-de-juiz-de-fora","status":"publish","type":"post","link":"https:\/\/diarioregionaldigital.com.br\/?p=208847","title":{"rendered":"Demlurb inicia a instala\u00e7\u00e3o e reposi\u00e7\u00e3o de lixeiras de todos os n\u00facleos urbanos dos distritos de Juiz de Fora"},"content":{"rendered":"<p>Segundo informa\u00e7\u00f5es do site da Prefeitura de Juiz de Fora (PJF), o\u00a0Departamento Municipal de Limpeza Urbana (Demlurb) iniciou a instala\u00e7\u00e3o e reposi\u00e7\u00e3o de novas lixeiras nos n\u00facleos urbanos dos distritos de Juiz de Fora. Nos dias 29 e 30 de dezembro, Humait\u00e1 e Torr\u00f5es j\u00e1 receberam a a\u00e7\u00e3o. Em breve, os demais n\u00facleos urbanos dos distritos ser\u00e3o contemplados. O cronograma de instala\u00e7\u00e3o prev\u00ea a conclus\u00e3o dos servi\u00e7os at\u00e9 abril.<\/p>\n<p>Com objetivo de qualificar o acompanhamento t\u00e9cnico, o Demlurb est\u00e1 realizando o mapeamento de todas as lixeiras instaladas no munic\u00edpio. J\u00e1 foram georreferenciadas 884 lixeiras que est\u00e3o instaladas principalmente nos corredores de alto fluxo de pedestres e nas centralidades dos bairros.<\/p>\n<p>O Departamento refor\u00e7a o pedido de compromisso da popula\u00e7\u00e3o para que as lixeiras sejam preservadas, n\u00e3o descartando lixos dom\u00e9sticos e zelando para que os itens possam continuar atendendo a popula\u00e7\u00e3o.<\/p>\n<p><strong>Outras informa\u00e7\u00f5es:<\/strong><\/p>\n<p>(32) 3690-3537 &#8211; Departamento Municipal de Limpeza Urbana (Demlurb)<\/p>\n","protected":false},"excerpt":{"rendered":"<p>Segundo informa\u00e7\u00f5es do site da Prefeitura de Juiz de Fora (PJF), o\u00a0Departamento Municipal de Limpeza Urbana (Demlurb) iniciou a instala\u00e7\u00e3o e reposi\u00e7\u00e3o de novas lixeiras nos n\u00facleos urbanos dos distritos de Juiz de Fora. Nos dias 29 e 30 de dezembro, Humait\u00e1 e Torr\u00f5es j\u00e1 receberam a a\u00e7\u00e3o. Em breve, os demais n\u00facleos urbanos dos [&hellip;]<\/p>\n","protected":false},"author":246,"featured_media":208848,"comment_status":"closed","ping_status":"closed","sticky":false,"template":"","format":"standard","meta":{"footnotes":""},"categories":[253,436,439],"tags":[],"class_list":["post-208847","post","type-post","status-publish","format-standard","has-post-thumbnail","hentry","category-cidade","category-destaque-da-semana","category-ultima-hora"],"_links":{"self":[{"href":"https:\/\/diarioregionaldigital.com.br\/index.php?rest_route=\/wp\/v2\/posts\/208847","targetHints":{"allow":["GET"]}}],"collection":[{"href":"https:\/\/diarioregionaldigital.com.br\/index.php?rest_route=\/wp\/v2\/posts"}],"about":[{"href":"https:\/\/diarioregionaldigital.com.br\/index.php?rest_route=\/wp\/v2\/types\/post"}],"author":[{"embeddable":true,"href":"https:\/\/diarioregionaldigital.com.br\/index.php?rest_route=\/wp\/v2\/users\/246"}],"replies":[{"embeddable":true,"href":"https:\/\/diarioregionaldigital.com.br\/index.php?rest_route=%2Fwp%2Fv2%2Fcomments&post=208847"}],"version-history":[{"count":1,"href":"https:\/\/diarioregionaldigital.com.br\/index.php?rest_route=\/wp\/v2\/posts\/208847\/revisions"}],"predecessor-version":[{"id":208849,"href":"https:\/\/diarioregionaldigital.com.br\/index.php?rest_route=\/wp\/v2\/posts\/208847\/revisions\/208849"}],"wp:featuredmedia":[{"embeddable":true,"href":"https:\/\/diarioregionaldigital.com.br\/index.php?rest_route=\/wp\/v2\/media\/208848"}],"wp:attachment":[{"href":"https:\/\/diarioregionaldigital.com.br\/index.php?rest_route=%2Fwp%2Fv2%2Fmedia&parent=208847"}],"wp:term":[{"taxonomy":"category","embeddable":true,"href":"https:\/\/diarioregionaldigital.com.br\/index.php?rest_route=%2Fwp%2Fv2%2Fcategories&post=208847"},{"taxonomy":"post_tag","embeddable":true,"href":"https:\/\/diarioregionaldigital.com.br\/index.php?rest_route=%2Fwp%2Fv2%2Ftags&post=208847"}],"curies":[{"name":"wp","href":"https:\/\/api.w.org\/{rel}","templated":true}]}}