{"id":208844,"date":"2023-01-09T22:44:13","date_gmt":"2023-01-10T01:44:13","guid":{"rendered":"https:\/\/diarioregionaldigital.com.br\/?p=208844"},"modified":"2023-01-09T22:44:30","modified_gmt":"2023-01-10T01:44:30","slug":"parque-municipal-abre-agenda-para-matriculas-e-rematriculas-dos-projetos-esportivos-a-partir-desta-terca-10","status":"publish","type":"post","link":"https:\/\/diarioregionaldigital.com.br\/?p=208844","title":{"rendered":"Parque Municipal abre agenda para matr\u00edculas e rematr\u00edculas dos projetos esportivos a partir desta ter\u00e7a, 10"},"content":{"rendered":"<p>Segundo informa\u00e7\u00f5es do site da Prefeitura de Juiz de Fora (PJF), o\u00a0Parque Municipal de Juiz de Fora vai abrir, a partir desta ter\u00e7a-feira, 10, as rematr\u00edculas para os projetos esportivos, que se estendem at\u00e9 o pr\u00f3ximo domingo, 15. A rematr\u00edcula acontece para aqueles alunos que j\u00e1 faziam parte dos projetos em 2022 e v\u00e3o continuar em 2023. Ap\u00f3s este per\u00edodo, ser\u00e3o abertas matr\u00edculas para novos alunos, que acontecer\u00e3o de 17 a 22 de janeiro. As matr\u00edculas e rematr\u00edculas acontecem presencialmente na recep\u00e7\u00e3o do Parque Municipal, das 8h \u00e0s 12h e das 13h \u00e0s 16h, sendo necess\u00e1rio levar documento de identidade. Os menores de 18 anos devem estar acompanhados de respons\u00e1vel.<\/p>\n<p>Ao todo, o Parque Municipal conta com 12 projetos regulares, que acontecem de ter\u00e7a a sexta, orientados por profissionais de educa\u00e7\u00e3o f\u00edsica, com adi\u00e7\u00e3o de dois novos projetos, basquete e v\u00f4lei. As atividades, em 2022, envolveram 1.034 pessoas de 4 a 80 anos, atendendo todas as faixas et\u00e1rias de forma totalmente gratuita. Al\u00e9m disso, o local tamb\u00e9m conta com o \u201cYoga no Parque\u201d, aos primeiros e terceiros domingos de cada m\u00eas, e com o<a href=\"https:\/\/www.pjf.mg.gov.br\/noticias\/view.php?modo=link2&amp;idnoticia2=75999\">\u00a0\u201cEscape Parque\u201d, projeto inovador na cidade que atende sob agendamento<\/a>.<\/p>\n<p><strong>Confira abaixo as informa\u00e7\u00f5es sobre os projetos esportivos do Parque Municipal:<\/strong><br \/>\n<strong>Basquete<\/strong><\/p>\n<p>\u00c0s Quartas e Sextas-feiras<\/p>\n<p>Hor\u00e1rio: 9h15 e 15h30<\/p>\n<p>Faixa et\u00e1ria: 10 a 17 anos<\/p>\n<p>Vagas: 20 por turma Mista<br \/>\n<strong>Caminhada no Parque<\/strong><\/p>\n<p>\u00c0s Ter\u00e7as e Quintas-feiras<\/p>\n<p>Hor\u00e1rios: 8h15 e 9h10<\/p>\n<p>Faixa et\u00e1ria: acima de 14 anos<\/p>\n<p>Vagas: 20 por turma<br \/>\n<strong>Forma\u00e7\u00e3o de Goleiros<\/strong><\/p>\n<p>\u00c0s Ter\u00e7as e Quintas-feiras<\/p>\n<p>Hor\u00e1rios: 8h30 e 14h<\/p>\n<p>Faixa et\u00e1ria: livre e turma mista<\/p>\n<p>Vagas: 10 por turma<br \/>\n<strong>Futebol Feminino<\/strong><\/p>\n<p>\u00c0s Quartas, Quintas e Sextas-feiras<\/p>\n<p>Hor\u00e1rio: 15h40<\/p>\n<p>Faixa et\u00e1ria: 10 a 17 anos<\/p>\n<p>Vagas: 25<br \/>\n<strong>Futebol Masculino<\/strong><\/p>\n<p>\u00c0s Ter\u00e7as, Quartas e Quintas-feiras<\/p>\n<p>Hor\u00e1rio: 9h30 e 15h40<\/p>\n<p>Faixa et\u00e1ria: 10 a 13 (sub 13) e 14 a 17 (sub 17)<\/p>\n<p>Vagas: 25 por turma<br \/>\n<strong>Futfit<\/strong><\/p>\n<p>\u00c0s Quartas e Sextas-feiras<\/p>\n<p>Hor\u00e1rio: 7h30<\/p>\n<p>Faixa et\u00e1ria: livre e mista<\/p>\n<p>Vagas: 20 por turma<br \/>\n<strong>Futsal<\/strong><\/p>\n<p>\u00c0s Quartas e Sextas-feiras<\/p>\n<p>Hor\u00e1rio: 9h30 e 15h40<\/p>\n<p>Faixa et\u00e1ria: 10 a 13 anos<\/p>\n<p>Vagas: 16 por turma<br \/>\n<strong>Hidrogin\u00e1stica<\/strong><\/p>\n<p>\u00c0s Ter\u00e7as e Quintas-feiras<\/p>\n<p>Turma 1 &#8211; 8h30<\/p>\n<p>Turma 2 &#8211; 9h15<\/p>\n<p>Turma 3 &#8211; 14h<\/p>\n<p>Faixa et\u00e1ria: Acima de 18 anos<\/p>\n<p>Vagas: 20 por turma<br \/>\n<strong>Inicia\u00e7\u00e3o esportiva<\/strong><\/p>\n<p>\u00c0s Ter\u00e7as e Quintas-feiras<\/p>\n<p>Hor\u00e1rios: 9h30 e 14h30<\/p>\n<p>Faixa et\u00e1ria: 6 a 10 anos<\/p>\n<p>Vagas: 20 por turma<br \/>\n<strong>Nata\u00e7\u00e3o<\/strong><\/p>\n<p>Turmas de 4 a 5 anos<\/p>\n<p>\u00c0s Quartas e Sextas-feiras<\/p>\n<p>Hor\u00e1rio: 9h40 e 14h<\/p>\n<p>Vagas: 10 por turma<br \/>\nTurmas de 6 a 7 anos<\/p>\n<p>\u00c0s Quartas e Sextas-feiras<\/p>\n<p>Hor\u00e1rio: 10h20 e 14h40<\/p>\n<p>Vagas: 10 por turma<br \/>\nTurmas de 8 a 9 anos<\/p>\n<p>\u00c0s Ter\u00e7as e Quintas-feiras<\/p>\n<p>Hor\u00e1rio: 09h15 e 14h30<\/p>\n<p>Vagas: 12 por turma<br \/>\nTurmas de 10 a 13 anos<\/p>\n<p>Turma 1 &#8211; \u00c0s Ter\u00e7as e Quintas-feiras &#8211; 8h30<\/p>\n<p>Turma 2 &#8211; \u00c0s Quartas e Sextas-feiras &#8211; 15h45<\/p>\n<p>Vagas: 14 por turma<br \/>\nTurma de 14 a 17 anos<\/p>\n<p>\u00c0s Ter\u00e7as e Quintas-feiras<\/p>\n<p>Hor\u00e1rio: 15h45<\/p>\n<p>Vagas: 16<br \/>\nTurmas adultos<\/p>\n<p>Turma 1 &#8211; \u00c0s Ter\u00e7as e Quintas-feiras &#8211; 14h45<\/p>\n<p>Turma 2 &#8211; \u00c0s Quartas e Sextas-feiras &#8211; 8h30<\/p>\n<p>Vagas: 20 por turma<br \/>\n<strong>Pilates Solo<\/strong><\/p>\n<p>Turma 1 &#8211; \u00c0s Ter\u00e7as e Quintas-feiras &#8211; 14h<\/p>\n<p>Turma 2 &#8211; \u00c0s Quartas e Sextas-feiras 8h15<\/p>\n<p>Turma 3 &#8211; \u00c0s Quartas e Sextas-feiras 9h15<\/p>\n<p>Faixa et\u00e1ria: acima de 14 anos<\/p>\n<p>Vagas: 15 por turma<br \/>\n<strong>V\u00f4lei<\/strong><\/p>\n<p>\u00c0s Ter\u00e7as e Quintas-feiras<\/p>\n<p>Hor\u00e1rio: 9h15 e 15h30<\/p>\n<p>Faixa et\u00e1ria: 13 a 16 anos<\/p>\n<p>Vagas: 20 por turma mista<br \/>\nO Parque Municipal est\u00e1 localizado na Rua do Contorno, 8, no bairro Nova Calif\u00f3rnia, e funciona das 8h \u00e0s 17h, permitindo a entrada de visitantes at\u00e9 \u00e0s 16h. Para quem precisa do transporte p\u00fablico, as linhas que atendem o Parque s\u00e3o 520 (Aeroporto), 531 (Nova Calif\u00f3rnia) e 537 (Jardim da Serra), todos descritos no letreiro com \u201cVia Parque Municipal\u201d.<br \/>\n<strong>Outras informa\u00e7\u00f5es:<\/strong><br \/>\n(32) 3241-6532<\/p>\n<p>Instagram: @parquemunicipaljf<\/p>\n","protected":false},"excerpt":{"rendered":"<p>Segundo informa\u00e7\u00f5es do site da Prefeitura de Juiz de Fora (PJF), o\u00a0Parque Municipal de Juiz de Fora vai abrir, a partir desta ter\u00e7a-feira, 10, as rematr\u00edculas para os projetos esportivos, que se estendem at\u00e9 o pr\u00f3ximo domingo, 15. A rematr\u00edcula acontece para aqueles alunos que j\u00e1 faziam parte dos projetos em 2022 e v\u00e3o continuar [&hellip;]<\/p>\n","protected":false},"author":246,"featured_media":208845,"comment_status":"closed","ping_status":"closed","sticky":false,"template":"","format":"standard","meta":{"footnotes":""},"categories":[253,436,439],"tags":[],"class_list":["post-208844","post","type-post","status-publish","format-standard","has-post-thumbnail","hentry","category-cidade","category-destaque-da-semana","category-ultima-hora"],"_links":{"self":[{"href":"https:\/\/diarioregionaldigital.com.br\/index.php?rest_route=\/wp\/v2\/posts\/208844","targetHints":{"allow":["GET"]}}],"collection":[{"href":"https:\/\/diarioregionaldigital.com.br\/index.php?rest_route=\/wp\/v2\/posts"}],"about":[{"href":"https:\/\/diarioregionaldigital.com.br\/index.php?rest_route=\/wp\/v2\/types\/post"}],"author":[{"embeddable":true,"href":"https:\/\/diarioregionaldigital.com.br\/index.php?rest_route=\/wp\/v2\/users\/246"}],"replies":[{"embeddable":true,"href":"https:\/\/diarioregionaldigital.com.br\/index.php?rest_route=%2Fwp%2Fv2%2Fcomments&post=208844"}],"version-history":[{"count":1,"href":"https:\/\/diarioregionaldigital.com.br\/index.php?rest_route=\/wp\/v2\/posts\/208844\/revisions"}],"predecessor-version":[{"id":208846,"href":"https:\/\/diarioregionaldigital.com.br\/index.php?rest_route=\/wp\/v2\/posts\/208844\/revisions\/208846"}],"wp:featuredmedia":[{"embeddable":true,"href":"https:\/\/diarioregionaldigital.com.br\/index.php?rest_route=\/wp\/v2\/media\/208845"}],"wp:attachment":[{"href":"https:\/\/diarioregionaldigital.com.br\/index.php?rest_route=%2Fwp%2Fv2%2Fmedia&parent=208844"}],"wp:term":[{"taxonomy":"category","embeddable":true,"href":"https:\/\/diarioregionaldigital.com.br\/index.php?rest_route=%2Fwp%2Fv2%2Fcategories&post=208844"},{"taxonomy":"post_tag","embeddable":true,"href":"https:\/\/diarioregionaldigital.com.br\/index.php?rest_route=%2Fwp%2Fv2%2Ftags&post=208844"}],"curies":[{"name":"wp","href":"https:\/\/api.w.org\/{rel}","templated":true}]}}