{"id":208779,"date":"2023-01-06T17:34:58","date_gmt":"2023-01-06T20:34:58","guid":{"rendered":"https:\/\/diarioregionaldigital.com.br\/?p=208779"},"modified":"2023-01-06T17:34:58","modified_gmt":"2023-01-06T20:34:58","slug":"confira-o-calendario-de-imunizacao-contra-a-covid-19-na-segunda-feira-9","status":"publish","type":"post","link":"https:\/\/diarioregionaldigital.com.br\/?p=208779","title":{"rendered":"Confira o calend\u00e1rio de imuniza\u00e7\u00e3o contra a Covid-19 na segunda-feira, 9"},"content":{"rendered":"<p>Segundo informa\u00e7\u00f5es do site da Prefeitura de Juiz de Fora (PJF), a PJF continua a campanha de imuniza\u00e7\u00e3o contra a Covid-19 no munic\u00edpio na segunda-feira, 9 de Janeiro. Todos os<strong>\u00a0maiores de cinco anos de idade poder\u00e3o se imunizar nas Unidades B\u00e1sicas de Sa\u00fade (UBS), de 8h \u00e0s 10h30 e de 13h \u00e0s 16h.<\/strong><\/p>\n<p>Os imunizantes ser\u00e3o aplicados tamb\u00e9m no Departamento de Sa\u00fade da Mulher, Gestante, Crian\u00e7a e do Adolescente (DSMGCA),\u00a0<strong>exclusivamente para crian\u00e7as e adolescentes at\u00e9 18 anos,<\/strong>\u00a0e no Servi\u00e7o de Sa\u00fade do Idoso (Sasi),<strong>\u00a0exclusivamente para maiores de 60 anos.\u00a0<\/strong><\/p>\n<p>As crian\u00e7as de\u00a0<strong>seis meses a dois anos, 11 meses e 29 dias com comorbidades, e tamb\u00e9m as com tr\u00eas e quatro anos de idade,\u00a0<\/strong>podem se vacinar no Departamento de Sa\u00fade da Mulher, Gestante, Crian\u00e7a e do Adolescente (DSMGCA). Para otimizar o processo de vacina\u00e7\u00e3o do p\u00fablico com estas idades, est\u00e1 sendo realizado o pr\u00e9-cadastramento para as crian\u00e7as de<strong>\u00a0seis meses a dois anos, 11 meses e 29 dias no<\/strong><a href=\"https:\/\/covid19.pjf.mg.gov.br\/vacinacao_comorbidades.php\"><strong>\u00a0site da Prefeitura de Juiz de Fora<\/strong><\/a><strong>. Confira os locais e hor\u00e1rios de vacina\u00e7\u00e3o abaixo.<\/strong><\/p>\n<p>Nas unidades de sa\u00fade tamb\u00e9m acontece a<a href=\"https:\/\/www.pjf.mg.gov.br\/noticias\/view.php?modo=link2&amp;idnoticia2=77620\"><strong>\u00a0vacina\u00e7\u00e3o contra a meningite<\/strong><\/a><strong>\u00a0<\/strong>para os jovens de 16 a 30 anos; os trabalhadores da educa\u00e7\u00e3o superior e de escolas t\u00e9cnicas acima dos 16 anos de idade; os profissionais de sa\u00fade com 16 anos de idade ou mais; e os estudantes universit\u00e1rios, sem limite de idade.<\/p>\n<p>As vacinas de rotina, aplicadas nos mesmos locais,\u00a0<strong>podem ser recebidas por estes p\u00fablicos conjuntamente com os imunizantes contra a Covid-19\u00a0<\/strong>sem qualquer tipo de problema.<\/p>\n<p>A Secretaria de Sa\u00fade (SS) destaca a import\u00e2ncia do recebimento da vacina de refor\u00e7o e pede para que todos aqueles que receberam a 2\u00aa dose h\u00e1 pelo menos quatro meses procurem um posto de vacina\u00e7\u00e3o para aumentar sua prote\u00e7\u00e3o contra o v\u00edrus.<\/p>\n<p>As segundas doses dos imunizantes AstraZeneca, Coronavac, Janssen e Pfizer, al\u00e9m das vacinas de refor\u00e7o, s\u00e3o disponibilizadas de forma cont\u00ednua. A 2\u00aa dose da Janssen \u00e9 destinada a todas as pessoas que receberam a primeira dose desse imunizante h\u00e1 dois meses ou data anterior. J\u00e1 o intervalo entre 1\u00aa e 2\u00aa aplica\u00e7\u00e3o da AstraZeneca \u00e9 de oito semanas; da Coronavac \u00e9 de 28 dias; e da Pfizer, de 21 dias. O intervalo da 2\u00aa dose para a aplica\u00e7\u00e3o da vacina de refor\u00e7o \u00e9 de quatro meses, assim como o intervalo entre doses de refor\u00e7o seguintes.<\/p>\n<p><strong>A lista com todos os endere\u00e7os e hor\u00e1rios de funcionamento dos locais de vacina\u00e7\u00e3o destinados a cada um dos p\u00fablicos est\u00e1 dispon\u00edvel no fim deste texto.<\/strong><\/p>\n<p>A pasta explica que as doses de refor\u00e7o, ou terceiras doses, para o p\u00fablico geral s\u00e3o apenas para os maiores de 12 anos. N\u00e3o h\u00e1 recomenda\u00e7\u00e3o de refor\u00e7o para as crian\u00e7as com idades entre seis meses de idade e 11 anos, que recebem apenas as duas doses contra o coronav\u00edrus. A dose de refor\u00e7o s\u00f3 \u00e9 aplicada para estas pessoas caso elas sejam imunossuprimidas.<\/p>\n<p>At\u00e9 o momento, a quarta dose n\u00e3o est\u00e1 liberada para a popula\u00e7\u00e3o geral, sendo recomendada apenas para pessoas com imunossupress\u00e3o e pessoas com 18 anos ou mais de idade.<strong>\u00a0Imunossuprimidos com 18 anos ou mais tamb\u00e9m recebem uma quinta dose.<\/strong><\/p>\n<p>Pessoas na faixa et\u00e1ria entre 18 e 39 anos, que receberam a dose \u00fanica e o refor\u00e7o do imunizante Janssen, poder\u00e3o tomar o segundo refor\u00e7o quatro meses ap\u00f3s o primeiro com qualquer outro imunizante. J\u00e1 para pessoas com 18 anos ou mais de idade ou imunossuprimidos, o terceiro refor\u00e7o, com qualquer outro imunizante, deve ser aplicado quatro meses ap\u00f3s o segundo refor\u00e7o. Imunossuprimidos de 18 anos ou mais tamb\u00e9m recebem uma quinta dose.<\/p>\n<p><strong>Documenta\u00e7\u00e3o<\/strong><\/p>\n<p>Aqueles que forem receber a primeira dose da vacina devem apresentar\u00a0 originais e c\u00f3pias de documento de identifica\u00e7\u00e3o com foto (como documento de identidade (RG) ou carteira de motorista) e o CPF, caso o n\u00famero do mesmo n\u00e3o conste na identidade, al\u00e9m da ficha de vacina\u00e7\u00e3o impressa e preenchida. As crian\u00e7as, pr\u00e9-adolescentes e adolescentes que n\u00e3o tiverem o documento de identidade podem apresentar a certid\u00e3o de nascimento.\u00a0<strong>A PJF pede que seja levada uma c\u00f3pia do comprovante de resid\u00eancia no nome dos pais ou respons\u00e1vel com endere\u00e7o em Juiz de Fora.\u00a0<\/strong>As crian\u00e7as com comorbidades ou imunossuprimidas, al\u00e9m destes documentos, devem<strong>\u00a0apresentar um laudo ou atestado m\u00e9dico datado de, no m\u00e1ximo, 12 meses, comprovando a condi\u00e7\u00e3o.<\/strong><\/p>\n<p>As pessoas que v\u00e3o receber a D2 ou a dose de refor\u00e7o precisam apresentar apenas a ficha de vacina\u00e7\u00e3o, o cart\u00e3o de vacina e um documento de identifica\u00e7\u00e3o com foto, enquanto os imunossuprimidos, al\u00e9m destes documentos, devem apresentar um laudo ou atestado m\u00e9dico datado de, no m\u00e1ximo, 12 meses, comprovando a condi\u00e7\u00e3o. Este p\u00fablico pode buscar pela dose de refor\u00e7o a partir de 28 dias do recebimento da 2\u00aa dose. N\u00e3o \u00e9 necess\u00e1ria a apresenta\u00e7\u00e3o de comprovante de resid\u00eancia.<\/p>\n<p><strong>Refor\u00e7amos o pedido para todos que ser\u00e3o vacinados levarem, impressa e preenchida, a Ficha de Vacina\u00e7\u00e3o, cujo modelo est\u00e1 dispon\u00edvel<\/strong><a href=\"https:\/\/covid19.pjf.mg.gov.br\/arquivos\/formulario_para_vacinacao.pdf\"><strong>\u00a0aqui<\/strong><\/a><strong>; isso facilita no momento da triagem e agiliza o processo de vacina\u00e7\u00e3o.<\/p>\n<p>Segundas doses (adultos)<\/strong><br \/>\n<strong>AstraZeneca &#8211;\u00a0<\/strong>A aplica\u00e7\u00e3o da segunda dose de AstraZeneca segue a data descrita no cart\u00e3o de vacina. Portanto, recebem a D2 todos aqueles com retorno agendado para o dia 6 de janeiro ou data anterior.<br \/>\n<strong>Coronavac &#8211;\u00a0<\/strong>A aplica\u00e7\u00e3o da segunda dose do imunizante Coronavac segue a data descrita no cart\u00e3o de vacina. Recebem a D2 todos aqueles com retorno agendado para o dia 6 de janeiro ou data anterior.<br \/>\n<strong>Janssen &#8211;\u00a0<\/strong>As segundas doses do imunizante Janssen s\u00e3o destinadas \u00e0s pessoas que receberam a primeira dose desta vacina no dia 6 de novembro, ou seja, dois meses ap\u00f3s a vacina de dose \u00fanica.<br \/>\n<strong>Pfizer &#8211;\u00a0<\/strong>Quem recebeu a primeira dose da Pfizer no dia 15 de dezembro ou antes pode procurar um dos postos de imuniza\u00e7\u00e3o para receber a segunda.<\/p>\n<p><strong>Doses de refor\u00e7o (adultos)<\/strong><\/p>\n<p>As doses de refor\u00e7o, ou terceira dose, s\u00e3o destinadas \u00e0s pessoas a partir de 12 anos que receberam a segunda dose h\u00e1 quatro meses ou mais<strong>. Os intervalos entre as doses de refor\u00e7o s\u00e3o de quatro meses.<\/strong><\/p>\n<p>Recebem tamb\u00e9m o segundo refor\u00e7o, ou quarta dose, pessoas com 18 anos ou mais e imunossuprimidos, com 12 anos ou mais. O terceiro refor\u00e7o, ou quinta dose, \u00e9 voltado para pessoas de 18 anos ou mais com imunossupress\u00e3o.<\/p>\n<p><strong>Jovens de 12 a 18 anos tamb\u00e9m recebem os imunizantes no Departamento de Sa\u00fade da Mulher, Gestante, Crian\u00e7a e do Adolescente (DSMGCA).<\/p>\n<p>Para as crian\u00e7as<\/strong><\/p>\n<p>Seguindo recomenda\u00e7\u00f5es dos \u00f3rg\u00e3os competentes, as crian\u00e7as que forem se vacinar contra a Covid-19 podem receber concomitantemente os imunizantes de rotina.<\/p>\n<p><strong>Pedimos aos pais e respons\u00e1veis que levem, impressa e preenchida, a Ficha de Vacina\u00e7\u00e3o das crian\u00e7as, cujo modelo est\u00e1 dispon\u00edvel<\/strong><a href=\"https:\/\/covid19.pjf.mg.gov.br\/arquivos\/formulario_para_vacinacao.pdf\"><strong>\u00a0aqui<\/strong><\/a><strong>; isso facilita no momento da triagem e agiliza o processo de vacina\u00e7\u00e3o.<\/p>\n<p>Confira o calend\u00e1rio de vacina\u00e7\u00e3o contra a Covid-19 de segunda-feira, 9 de janeiro:<\/strong><br \/>\n<strong>Primeiras e segundas doses para as crian\u00e7as entre 6 meses e 2 anos, 11 meses e 29 dias com comorbidades<\/strong><\/p>\n<p>DSMGCA de 8h \u00e0s 15h.<\/p>\n<p><strong>\u00a0<\/strong><\/p>\n<p><strong>Primeiras e segundas doses para crian\u00e7as de 3 e 4 anos<\/strong><\/p>\n<p>DSMGCA de 8h \u00e0s 15h<\/p>\n<p>&nbsp;<\/p>\n<p><strong>Primeiras e segundas doses de todas as pessoas maiores de 5 anos e menores de 12 anos de idade<\/strong><\/p>\n<p>UBSs de 8h \u00e0s 10h30 e de 13h \u00e0s 16h<\/p>\n<p>&nbsp;<\/p>\n<p><strong>Primeiras e segundas doses de todas as pessoas maiores de 5 anos de idade<\/strong><\/p>\n<p>UBSs de 8h \u00e0s 10h30 e de 13h \u00e0s 16h<\/p>\n<p><strong>\u00a0<\/strong><\/p>\n<p><strong>Primeiras e segundas doses de todas as pessoas de 5 anos at\u00e9 18 anos<\/strong><\/p>\n<p>UBSs de 8h \u00e0s 10h30 e de 13h \u00e0s 16h, DSMGCA de 8h \u00e0s 15h.<\/p>\n<p><strong>\u00a0<\/strong><\/p>\n<p><strong>Vacina\u00e7\u00e3o para maiores de 60 anos<\/strong><\/p>\n<p>UBSs de 8h \u00e0s 10h30 e de 13h \u00e0s 16h, Sasi de 8h \u00e0s 16h.<\/p>\n<p><strong>\u00a0<\/strong><\/p>\n<p><strong>Vacina\u00e7\u00e3o de refor\u00e7o para pessoas com 12 anos ou mais que receberam a segunda dose h\u00e1 4 meses ou antes<\/strong><\/p>\n<p>UBSs de 8h \u00e0s 10h30 e de 13h \u00e0s 16h.<\/p>\n<p><strong>\u00a0<\/strong><\/p>\n<p><strong>Vacina\u00e7\u00e3o de refor\u00e7o para imunossuprimidos que receberam a segunda dose h\u00e1 pelo menos 28 dias<\/strong><\/p>\n<p>UBSs de 8h \u00e0s 10h30 e de 13h \u00e0s 16h.<\/p>\n<p><strong>\u00a0<\/strong><\/p>\n<p><strong>Vacina\u00e7\u00e3o de refor\u00e7o para pessoas com 18 anos ou mais que receberam a terceira dose h\u00e1 4 meses ou antes<\/strong><\/p>\n<p>UBSs de 8h \u00e0s 10h30 e de 13h \u00e0s 16h.<\/p>\n<p><strong>\u00a0<\/strong><\/p>\n<p><strong>Vacina\u00e7\u00e3o de refor\u00e7o para imunossuprimidos que receberam a terceira dose h\u00e1 4 meses ou antes<\/strong><\/p>\n<p>UBSs de 8h \u00e0s 10h30 e de 13h \u00e0s 16h.<\/p>\n<p><strong>\u00a0<\/strong><\/p>\n<p><strong>Vacina\u00e7\u00e3o de refor\u00e7o para imunossuprimidos que receberam a quarta dose h\u00e1 4 meses ou antes<\/strong><\/p>\n<p>UBSs de 8h \u00e0s 10h30 e de 13h \u00e0s 16h.<\/p>\n<p><strong>Endere\u00e7os dos locais de vacina\u00e7\u00e3o<\/strong><br \/>\n<strong>Servi\u00e7o de Sa\u00fade do Idoso (Sasi) \u2013 exclusivamente para pessoas com 60 anos ou mais \u2013 das 8h \u00e0s 16h<\/strong><\/p>\n<p>Rua Batista de Oliveira 943, bairro Granbery.<\/p>\n<p><strong>\u00a0<\/strong><\/p>\n<p><strong>Departamento de Sa\u00fade da Mulher, Gestante, Crian\u00e7a e do Adolescente (DSMGCA) \u2013 exclusivamente para crian\u00e7as e adolescentes (seis meses a menores de tr\u00eas anos com comorbidades e de 3 a 18 anos) \u2013 das 8h \u00e0s 15h (vacina\u00e7\u00e3o contra Covid) e das 8h \u00e0s 14h (vacina\u00e7\u00e3o meningite e demais vacinas de rotina)<\/strong><\/p>\n<p>Rua S\u00e3o Sebasti\u00e3o, 772\/776, Centro<\/p>\n<p><strong>UBSs que vacinam maiores de 5 anos de 8h \u00e0s 10h30 e de 13h \u00e0s 16h (quintas, de 8h \u00e0s 10h30 e de 13h \u00e0s 14h30):<\/strong><br \/>\n1. UBS Benfica<\/p>\n<p>2. UBS Centro Sul<\/p>\n<p>3. UBS Milho Branco<\/p>\n<p>4. UBS Monte Castelo<\/p>\n<p>5. UBS Nossa Senhora Aparecida<\/p>\n<p>6. UBS Nossa Senhora das Gra\u00e7as<\/p>\n<p>7. UBS Progresso<\/p>\n<p>8. UBS Bandeirantes<\/p>\n<p>9. UBS Furtado de Menezes<\/p>\n<p>10. UBS Santa Luzia<\/p>\n<p>11. UBS S\u00e3o Pedro<\/p>\n<p>12. UBS Santos Dumont<\/p>\n<p>13. UBS Teixeiras<\/p>\n<p>14. UBS Santo Antonio<\/p>\n<p>15. UBS Grama<\/p>\n<p>16. UBS Sarandira<\/p>\n<p>17. UBS Igrejinha<\/p>\n<p>18. UBS Toledos<\/p>\n<p>19. UBS Valadares<\/p>\n<p>20. UBS Caet\u00e9<\/p>\n<p>21. UBS Chap\u00e9u D&#8217;Uvas<\/p>\n<p>22. UBS Dias Tavares<\/p>\n<p>23. UBS Penido<\/p>\n<p>24. UBS Ros\u00e1rio<\/p>\n<p>25. UBS Monte Verde<\/p>\n<p>26. UBS Torre\u00f5es<\/p>\n<p>27. UBS Humait\u00e1<\/p>\n<p>28. UBS Pirapetinga<\/p>\n<p>29. UBS Paula Lima<\/p>\n<p>30. Volante (Privil\u00e9gio, Pires, Buiei\u00e9, Palmital e Jacutinga)<\/p>\n<p>&nbsp;<\/p>\n<p><strong>UBSs que vacinam maiores de 5 anos e menores de 12 anos de 8h \u00e0s 10h30 e de 13h \u00e0s 16h (quintas, de 8h \u00e0s 10h30 e de 13h \u00e0s 14h30):<\/strong><br \/>\n1. UBS Alto Graja\u00fa<\/p>\n<p>2. UBS Barreira do Triunfo<\/p>\n<p>3. UBS Borboleta<\/p>\n<p>4. UBS Cidade do Sol<\/p>\n<p>5. UBS Cruzeiro do Sul<\/p>\n<p>6. UBS Dom Bosco<\/p>\n<p>7. UBS Esplanada<\/p>\n<p>8. UBS Filgueiras<\/p>\n<p>9. UBS Granjas Bethania<\/p>\n<p>10. UBS Bairro Industrial<\/p>\n<p>11. UBS Ipiranga<\/p>\n<p>12. UBS Jardim da Lua<\/p>\n<p>13. UBS Jardim Esperan\u00e7a<\/p>\n<p>14. UBS Jardim Natal<\/p>\n<p>15. UBS J\u00f3quei Clube I<\/p>\n<p>16. UBS J\u00f3quei Clube II<\/p>\n<p>17. UBS Linhares<\/p>\n<p>18. UBS Marumbi<\/p>\n<p>19. UBS Nossa Senhora de Lourdes<\/p>\n<p>20. UBS Nova Era<\/p>\n<p>21. UBS Parque Guarani<\/p>\n<p>22. UBS Retiro<\/p>\n<p>23. UBS Santa Cec\u00edlia<\/p>\n<p>24. UBS Santa Cruz<\/p>\n<p>25. UBS Santa Efig\u00eania<\/p>\n<p>26. UBS Santa Rita<\/p>\n<p>27. UBS S\u00e3o Benedito<\/p>\n<p>28. UBS S\u00e3o Judas Tadeu<\/p>\n<p>29. UBS Vila Esperan\u00e7a<\/p>\n<p>30. UBS Vila Olavo Costa<\/p>\n","protected":false},"excerpt":{"rendered":"<p>Segundo informa\u00e7\u00f5es do site da Prefeitura de Juiz de Fora (PJF), a PJF continua a campanha de imuniza\u00e7\u00e3o contra a Covid-19 no munic\u00edpio na segunda-feira, 9 de Janeiro. Todos os\u00a0maiores de cinco anos de idade poder\u00e3o se imunizar nas Unidades B\u00e1sicas de Sa\u00fade (UBS), de 8h \u00e0s 10h30 e de 13h \u00e0s 16h. Os imunizantes [&hellip;]<\/p>\n","protected":false},"author":246,"featured_media":208780,"comment_status":"closed","ping_status":"closed","sticky":false,"template":"","format":"standard","meta":{"footnotes":""},"categories":[253,436,440,439],"tags":[],"class_list":["post-208779","post","type-post","status-publish","format-standard","has-post-thumbnail","hentry","category-cidade","category-destaque-da-semana","category-destaques-do-dia","category-ultima-hora"],"_links":{"self":[{"href":"https:\/\/diarioregionaldigital.com.br\/index.php?rest_route=\/wp\/v2\/posts\/208779","targetHints":{"allow":["GET"]}}],"collection":[{"href":"https:\/\/diarioregionaldigital.com.br\/index.php?rest_route=\/wp\/v2\/posts"}],"about":[{"href":"https:\/\/diarioregionaldigital.com.br\/index.php?rest_route=\/wp\/v2\/types\/post"}],"author":[{"embeddable":true,"href":"https:\/\/diarioregionaldigital.com.br\/index.php?rest_route=\/wp\/v2\/users\/246"}],"replies":[{"embeddable":true,"href":"https:\/\/diarioregionaldigital.com.br\/index.php?rest_route=%2Fwp%2Fv2%2Fcomments&post=208779"}],"version-history":[{"count":1,"href":"https:\/\/diarioregionaldigital.com.br\/index.php?rest_route=\/wp\/v2\/posts\/208779\/revisions"}],"predecessor-version":[{"id":208781,"href":"https:\/\/diarioregionaldigital.com.br\/index.php?rest_route=\/wp\/v2\/posts\/208779\/revisions\/208781"}],"wp:featuredmedia":[{"embeddable":true,"href":"https:\/\/diarioregionaldigital.com.br\/index.php?rest_route=\/wp\/v2\/media\/208780"}],"wp:attachment":[{"href":"https:\/\/diarioregionaldigital.com.br\/index.php?rest_route=%2Fwp%2Fv2%2Fmedia&parent=208779"}],"wp:term":[{"taxonomy":"category","embeddable":true,"href":"https:\/\/diarioregionaldigital.com.br\/index.php?rest_route=%2Fwp%2Fv2%2Fcategories&post=208779"},{"taxonomy":"post_tag","embeddable":true,"href":"https:\/\/diarioregionaldigital.com.br\/index.php?rest_route=%2Fwp%2Fv2%2Ftags&post=208779"}],"curies":[{"name":"wp","href":"https:\/\/api.w.org\/{rel}","templated":true}]}}