{"id":208776,"date":"2023-01-06T17:28:22","date_gmt":"2023-01-06T20:28:22","guid":{"rendered":"https:\/\/diarioregionaldigital.com.br\/?p=208776"},"modified":"2023-01-06T17:28:22","modified_gmt":"2023-01-06T20:28:22","slug":"ct-paralimpico-abre-as-portas-para-90-eventos-em-2023","status":"publish","type":"post","link":"https:\/\/diarioregionaldigital.com.br\/?p=208776","title":{"rendered":"CT Paral\u00edmpico abre as portas para 90 eventos em 2023"},"content":{"rendered":"<p>O Centro de Treinamento Paral\u00edmpico, em S\u00e3o Paulo, tem a previs\u00e3o de receber 90 eventos em 2023, entre competi\u00e7\u00f5es, concentra\u00e7\u00f5es, semin\u00e1rios, campings e outras a\u00e7\u00f5es, como o Festival Paral\u00edmpico. Al\u00e9m disso, o CT vai abrir suas portas para 136 fases de treinamentos, no total, de diversas modalidades.<\/p>\n<p>A largada da temporada ser\u00e1 com a primeira fase do Camping Escolar Paral\u00edmpico, entre os dias 5 e 12 de fevereiro. A atividade reunir\u00e1 jovens atletas em uma rotina de alto rendimento.<\/p>\n<p>J\u00e1 a primeira competi\u00e7\u00e3o ser\u00e1 o 1\u00ba Campeonato Brasileiro de nata\u00e7\u00e3o sub-20, nos dias 11 e 12 de fevereiro. As inscri\u00e7\u00f5es s\u00e3o gratuitas e ser\u00e3o abertas em 18 de janeiro. Atletas entre 12 e 20 anos, regularmente cadastrados no CPB, com classifica\u00e7\u00e3o esportiva (n\u00edvel nacional ou internacional) e que tenham participado de algum evento nacional\/regional homologado pelo Comit\u00ea em 2022, podem participar do campeonato.<\/p>\n<p>Em mar\u00e7o e abril, o CT vai dar lugar a 1\u00aa Fase Nacional do Circuito Loterias Caixa de atletismo e halterofilismo, al\u00e9m dos Opens Internacionais de atletismo e nata\u00e7\u00e3o. No primeiro semestre haver\u00e1 ainda os brasileiros destas tr\u00eas modalidades. O Sul-Americano de sele\u00e7\u00f5es de r\u00fagbi em cadeira de rodas tamb\u00e9m ser\u00e1 no terceiro m\u00eas do ano.<\/p>\n<p>A prepara\u00e7\u00e3o dos atletas que representar\u00e3o o Brasil no Parapan de Jovens, em Bogot\u00e1, Col\u00f4mbia, em junho, ser\u00e1 feita no CT, em maio. J\u00e1 entrando no segundo semestre, chega o Mundial de jovens de goalball, entre 12 e 19 de julho, al\u00e9m das fases regionais e nacionais das Paralimp\u00edadas Escolares, previstas para setembro e novembro.<\/p>\n<p>Ainda na segunda metade do ano, ocorrer\u00e1 o Festival Paral\u00edmpico em 23 de setembro; a seletiva e concentra\u00e7\u00e3o para os Jogos Parapan-Americanos de Santiago; e a \u00faltima etapa do ano do Meeting Paral\u00edmpico Loterias Caixa de atletismo, nata\u00e7\u00e3o e halterofilismo, entre 3 e 5 de novembro.<\/p>\n<p>Fonte: Comit\u00ea Paral\u00edmpico Brasileiro (CPB)<\/p>\n","protected":false},"excerpt":{"rendered":"<p>O Centro de Treinamento Paral\u00edmpico, em S\u00e3o Paulo, tem a previs\u00e3o de receber 90 eventos em 2023, entre competi\u00e7\u00f5es, concentra\u00e7\u00f5es, semin\u00e1rios, campings e outras a\u00e7\u00f5es, como o Festival Paral\u00edmpico. Al\u00e9m disso, o CT vai abrir suas portas para 136 fases de treinamentos, no total, de diversas modalidades. A largada da temporada ser\u00e1 com a primeira [&hellip;]<\/p>\n","protected":false},"author":246,"featured_media":208777,"comment_status":"closed","ping_status":"closed","sticky":false,"template":"","format":"standard","meta":{"footnotes":""},"categories":[436,257,439],"tags":[],"class_list":["post-208776","post","type-post","status-publish","format-standard","has-post-thumbnail","hentry","category-destaque-da-semana","category-esporte","category-ultima-hora"],"_links":{"self":[{"href":"https:\/\/diarioregionaldigital.com.br\/index.php?rest_route=\/wp\/v2\/posts\/208776","targetHints":{"allow":["GET"]}}],"collection":[{"href":"https:\/\/diarioregionaldigital.com.br\/index.php?rest_route=\/wp\/v2\/posts"}],"about":[{"href":"https:\/\/diarioregionaldigital.com.br\/index.php?rest_route=\/wp\/v2\/types\/post"}],"author":[{"embeddable":true,"href":"https:\/\/diarioregionaldigital.com.br\/index.php?rest_route=\/wp\/v2\/users\/246"}],"replies":[{"embeddable":true,"href":"https:\/\/diarioregionaldigital.com.br\/index.php?rest_route=%2Fwp%2Fv2%2Fcomments&post=208776"}],"version-history":[{"count":1,"href":"https:\/\/diarioregionaldigital.com.br\/index.php?rest_route=\/wp\/v2\/posts\/208776\/revisions"}],"predecessor-version":[{"id":208778,"href":"https:\/\/diarioregionaldigital.com.br\/index.php?rest_route=\/wp\/v2\/posts\/208776\/revisions\/208778"}],"wp:featuredmedia":[{"embeddable":true,"href":"https:\/\/diarioregionaldigital.com.br\/index.php?rest_route=\/wp\/v2\/media\/208777"}],"wp:attachment":[{"href":"https:\/\/diarioregionaldigital.com.br\/index.php?rest_route=%2Fwp%2Fv2%2Fmedia&parent=208776"}],"wp:term":[{"taxonomy":"category","embeddable":true,"href":"https:\/\/diarioregionaldigital.com.br\/index.php?rest_route=%2Fwp%2Fv2%2Fcategories&post=208776"},{"taxonomy":"post_tag","embeddable":true,"href":"https:\/\/diarioregionaldigital.com.br\/index.php?rest_route=%2Fwp%2Fv2%2Ftags&post=208776"}],"curies":[{"name":"wp","href":"https:\/\/api.w.org\/{rel}","templated":true}]}}