{"id":208773,"date":"2023-01-06T17:25:16","date_gmt":"2023-01-06T20:25:16","guid":{"rendered":"https:\/\/diarioregionaldigital.com.br\/?p=208773"},"modified":"2023-01-06T17:25:16","modified_gmt":"2023-01-06T20:25:16","slug":"gremio-consegue-primeira-vitoria-na-copa-sao-paulo","status":"publish","type":"post","link":"https:\/\/diarioregionaldigital.com.br\/?p=208773","title":{"rendered":"Gr\u00eamio consegue primeira vit\u00f3ria na Copa S\u00e3o Paulo"},"content":{"rendered":"<p>O Gr\u00eamio conseguiu a primeira vit\u00f3ria na edi\u00e7\u00e3o 2023 da Copa S\u00e3o Paulo de Futebol J\u00fanior. O Tricolor Ga\u00facho bateu o Guarani por 3 a 1, nesta quinta-feira (5) no Est\u00e1dio Municipal Doutor Jos\u00e9 Lancha Filho, em Franca.<img decoding=\"async\" src=\"https:\/\/agenciabrasil.ebc.com.br\/ebc.png?id=1502191&amp;o=node\" \/><img decoding=\"async\" src=\"https:\/\/agenciabrasil.ebc.com.br\/ebc.gif?id=1502191&amp;o=node\" \/><\/p>\n<p>O resultado levou o Gr\u00eamio \u00e0 lideran\u00e7a do Grupo 8 com quatro pontos, um a mais do que o Guarani, que aparece na segunda posi\u00e7\u00e3o da classifica\u00e7\u00e3o. A equipe ga\u00facha abriu o marcador logo aos 19 minutos do primeiro tempo, quando Jo\u00e3o Pedro aproveitou sobra de bola para bater de primeira da entrada da \u00e1rea.<\/p>\n<p>Cinco minutos depois Zinho chutou para defesa parcial do goleiro \u00c1lvaro. Dentro da \u00e1rea, Pedro Clemente teve apenas o trabalho de escorar para ampliar. Um minuto depois Eliseu descontou, mas j\u00e1 aos 40 minutos da etapa final Zinho marcou para dar n\u00fameros finais ao marcador.<\/p>\n<h2>Triunfo rubro-negro<\/h2>\n<p>Outra equipe a vencer a primeira na Copinha, o torneio mais tradicional da base do futebol brasileiro, foi o Flamengo, que bateu a Aparecidense por 2 a 1 no Est\u00e1dio Zezinho Magalh\u00e3es, em Ja\u00fa.<\/p>\n<p>A equipe da G\u00e1vea abriu uma vantagem de dois gols, ainda no primeiro tempo, gra\u00e7as ao faro de gol do camisa 10 Lorran, que n\u00e3o perdoou o goleiro advers\u00e1rio aos 27 e aos 39 minutos. A Aparecidense ainda ensaio uma rea\u00e7\u00e3o aos 14 da etapa final, quando Felipe Vieira marcou contra de cabe\u00e7a. Mas o 2 a 1 perdurou at\u00e9 o apito final.<\/p>\n<h2>Outros resultados:<\/h2>\n<p>Francana 2 x 1 Cruzeiro-AL<br \/>\nXV de Ja\u00fa 1 x 2 Floresta-CE<\/p>\n<p><span style=\"font-weight: 400;\">Fonte: Ag\u00eancia Brasil <\/span><\/p>\n","protected":false},"excerpt":{"rendered":"<p>O Gr\u00eamio conseguiu a primeira vit\u00f3ria na edi\u00e7\u00e3o 2023 da Copa S\u00e3o Paulo de Futebol J\u00fanior. O Tricolor Ga\u00facho bateu o Guarani por 3 a 1, nesta quinta-feira (5) no Est\u00e1dio Municipal Doutor Jos\u00e9 Lancha Filho, em Franca. O resultado levou o Gr\u00eamio \u00e0 lideran\u00e7a do Grupo 8 com quatro pontos, um a mais do [&hellip;]<\/p>\n","protected":false},"author":246,"featured_media":208774,"comment_status":"closed","ping_status":"closed","sticky":false,"template":"","format":"standard","meta":{"footnotes":""},"categories":[436,257,439],"tags":[],"class_list":["post-208773","post","type-post","status-publish","format-standard","has-post-thumbnail","hentry","category-destaque-da-semana","category-esporte","category-ultima-hora"],"_links":{"self":[{"href":"https:\/\/diarioregionaldigital.com.br\/index.php?rest_route=\/wp\/v2\/posts\/208773","targetHints":{"allow":["GET"]}}],"collection":[{"href":"https:\/\/diarioregionaldigital.com.br\/index.php?rest_route=\/wp\/v2\/posts"}],"about":[{"href":"https:\/\/diarioregionaldigital.com.br\/index.php?rest_route=\/wp\/v2\/types\/post"}],"author":[{"embeddable":true,"href":"https:\/\/diarioregionaldigital.com.br\/index.php?rest_route=\/wp\/v2\/users\/246"}],"replies":[{"embeddable":true,"href":"https:\/\/diarioregionaldigital.com.br\/index.php?rest_route=%2Fwp%2Fv2%2Fcomments&post=208773"}],"version-history":[{"count":1,"href":"https:\/\/diarioregionaldigital.com.br\/index.php?rest_route=\/wp\/v2\/posts\/208773\/revisions"}],"predecessor-version":[{"id":208775,"href":"https:\/\/diarioregionaldigital.com.br\/index.php?rest_route=\/wp\/v2\/posts\/208773\/revisions\/208775"}],"wp:featuredmedia":[{"embeddable":true,"href":"https:\/\/diarioregionaldigital.com.br\/index.php?rest_route=\/wp\/v2\/media\/208774"}],"wp:attachment":[{"href":"https:\/\/diarioregionaldigital.com.br\/index.php?rest_route=%2Fwp%2Fv2%2Fmedia&parent=208773"}],"wp:term":[{"taxonomy":"category","embeddable":true,"href":"https:\/\/diarioregionaldigital.com.br\/index.php?rest_route=%2Fwp%2Fv2%2Fcategories&post=208773"},{"taxonomy":"post_tag","embeddable":true,"href":"https:\/\/diarioregionaldigital.com.br\/index.php?rest_route=%2Fwp%2Fv2%2Ftags&post=208773"}],"curies":[{"name":"wp","href":"https:\/\/api.w.org\/{rel}","templated":true}]}}