{"id":208770,"date":"2023-01-06T17:22:23","date_gmt":"2023-01-06T20:22:23","guid":{"rendered":"https:\/\/diarioregionaldigital.com.br\/?p=208770"},"modified":"2023-01-06T17:22:23","modified_gmt":"2023-01-06T20:22:23","slug":"handebol-brasil-derrota-eua-em-preparatorio-para-mundial","status":"publish","type":"post","link":"https:\/\/diarioregionaldigital.com.br\/?p=208770","title":{"rendered":"Handebol: Brasil derrota EUA em preparat\u00f3rio para Mundial"},"content":{"rendered":"<p>A sele\u00e7\u00e3o brasileira masculina de handebol derrotou os Estados Unidos por 27 a 22, nesta quinta-feira (28) na Su\u00e9cia, na Gjensidige Cup, competi\u00e7\u00e3o que faz parte da prepara\u00e7\u00e3o para o Mundial da modalidade, que ser\u00e1 disputado na Pol\u00f4nia e na Su\u00e9cia a partir do dia 11 de janeiro de 2023.<img decoding=\"async\" src=\"https:\/\/agenciabrasil.ebc.com.br\/ebc.png?id=1502183&amp;o=node\" \/><img decoding=\"async\" src=\"https:\/\/agenciabrasil.ebc.com.br\/ebc.gif?id=1502183&amp;o=node\" \/><\/p>\n<div class=\"post-item-wrap\">\n<p>Os pr\u00f3ximos compromissos da equipe comandada pelo t\u00e9cnico Marcus Tat\u00e1 s\u00e3o um confronto com a Noruega, a partir das 12h45 (hor\u00e1rio de Bras\u00edlia) de s\u00e1bado (7), e outro com Portugal, a partir das 10h15 de domingo (8).<\/p>\n<p>No Mundial, o Brasil est\u00e1 no Grupo C, ao lado de Su\u00e9cia, Cabo Verde e Uruguai. A estreia da sele\u00e7\u00e3o brasileira ser\u00e1, a partir das 16h30 do dia 12 de janeiro, contra os suecos.<\/p>\n<\/div>\n<p class=\"alt-font font-italic my-2 small text-info\"><span style=\"font-weight: 400;\">Fonte: Ag\u00eancia Brasil <\/span><\/p>\n","protected":false},"excerpt":{"rendered":"<p>A sele\u00e7\u00e3o brasileira masculina de handebol derrotou os Estados Unidos por 27 a 22, nesta quinta-feira (28) na Su\u00e9cia, na Gjensidige Cup, competi\u00e7\u00e3o que faz parte da prepara\u00e7\u00e3o para o Mundial da modalidade, que ser\u00e1 disputado na Pol\u00f4nia e na Su\u00e9cia a partir do dia 11 de janeiro de 2023. Os pr\u00f3ximos compromissos da equipe [&hellip;]<\/p>\n","protected":false},"author":246,"featured_media":208771,"comment_status":"closed","ping_status":"closed","sticky":false,"template":"","format":"standard","meta":{"footnotes":""},"categories":[436,257,439],"tags":[],"class_list":["post-208770","post","type-post","status-publish","format-standard","has-post-thumbnail","hentry","category-destaque-da-semana","category-esporte","category-ultima-hora"],"_links":{"self":[{"href":"https:\/\/diarioregionaldigital.com.br\/index.php?rest_route=\/wp\/v2\/posts\/208770","targetHints":{"allow":["GET"]}}],"collection":[{"href":"https:\/\/diarioregionaldigital.com.br\/index.php?rest_route=\/wp\/v2\/posts"}],"about":[{"href":"https:\/\/diarioregionaldigital.com.br\/index.php?rest_route=\/wp\/v2\/types\/post"}],"author":[{"embeddable":true,"href":"https:\/\/diarioregionaldigital.com.br\/index.php?rest_route=\/wp\/v2\/users\/246"}],"replies":[{"embeddable":true,"href":"https:\/\/diarioregionaldigital.com.br\/index.php?rest_route=%2Fwp%2Fv2%2Fcomments&post=208770"}],"version-history":[{"count":1,"href":"https:\/\/diarioregionaldigital.com.br\/index.php?rest_route=\/wp\/v2\/posts\/208770\/revisions"}],"predecessor-version":[{"id":208772,"href":"https:\/\/diarioregionaldigital.com.br\/index.php?rest_route=\/wp\/v2\/posts\/208770\/revisions\/208772"}],"wp:featuredmedia":[{"embeddable":true,"href":"https:\/\/diarioregionaldigital.com.br\/index.php?rest_route=\/wp\/v2\/media\/208771"}],"wp:attachment":[{"href":"https:\/\/diarioregionaldigital.com.br\/index.php?rest_route=%2Fwp%2Fv2%2Fmedia&parent=208770"}],"wp:term":[{"taxonomy":"category","embeddable":true,"href":"https:\/\/diarioregionaldigital.com.br\/index.php?rest_route=%2Fwp%2Fv2%2Fcategories&post=208770"},{"taxonomy":"post_tag","embeddable":true,"href":"https:\/\/diarioregionaldigital.com.br\/index.php?rest_route=%2Fwp%2Fv2%2Ftags&post=208770"}],"curies":[{"name":"wp","href":"https:\/\/api.w.org\/{rel}","templated":true}]}}