{"id":208730,"date":"2023-01-05T21:39:23","date_gmt":"2023-01-06T00:39:23","guid":{"rendered":"https:\/\/diarioregionaldigital.com.br\/?p=208730"},"modified":"2023-01-05T21:39:23","modified_gmt":"2023-01-06T00:39:23","slug":"prefeitura-intensifica-acoes-de-poda-preventiva-de-arvores-na-cidade","status":"publish","type":"post","link":"https:\/\/diarioregionaldigital.com.br\/?p=208730","title":{"rendered":"Prefeitura intensifica a\u00e7\u00f5es de poda preventiva de \u00e1rvores na cidade"},"content":{"rendered":"<p>Segundo informa\u00e7\u00f5es do site da Prefeitura de Juiz de Fora (PJF), para reduzir os riscos de incidentes envolvendo a queda de \u00e1rvores e galhos, a Prefeitura de Juiz de Fora (PJF) intensificou as a\u00e7\u00f5es de podas preventivas no munic\u00edpio. Somente nos primeiros tr\u00eas dias do ano, j\u00e1 foram realizadas cerca de 23 podas em diversas regi\u00f5es da cidade.<\/p>\n<p>Nesta quinta, equipes da Empresa Municipal de Pavimenta\u00e7\u00e3o e Urbanidades (Empav) atuaram em oito bairros, s\u00e3o eles:<br \/>\nAmaz\u00f4nia<\/p>\n<p>Carlos Chagas<\/p>\n<p>F\u00e1brica<\/p>\n<p>Jardim L\u2019Ermitage<\/p>\n<p>Bosque do Imperador<\/p>\n<p>Linhares<\/p>\n<p>Bandeirantes<\/p>\n<p>Vale do Ip\u00ea<\/p>\n<p>Em 2022 a PJF realizou quase tr\u00eas mil atendimentos referentes a poda e corte de \u00e1rvores com risco iminente de queda. No total, foram realizadas mais de cinco mil interven\u00e7\u00f5es na cidade, o que, al\u00e9m de minimizar os riscos, auxilia no desenvolvimento e na sobreviv\u00eancia das esp\u00e9cies.<\/p>\n<p>Mesmo com as a\u00e7\u00f5es de cuidado com as \u00e1rvores intensificadas, durante o per\u00edodo chuvoso, quedas de troncos e ramagens podem acontecer. Para evitar acidentes, nunca se abrigue de tempestades embaixo de \u00e1rvores e evite se aproximar de galhos ca\u00eddos pr\u00f3ximos \u00e0 rede el\u00e9trica. Em caso de urg\u00eancias e emerg\u00eancias, ligue 193 e acione o Corpo de Bombeiros. Caso haja corte de energia, ligue 116 (Cemig).<\/p>\n<p><strong>Para solicitar poda e corte de \u00e1rvores<\/strong><\/p>\n<p>Todas as interven\u00e7\u00f5es em \u00e1rvores executadas em Juiz de Fora s\u00e3o realizadas ap\u00f3s a vistoria e pr\u00e9via autoriza\u00e7\u00e3o da\u00a0 Secretaria de Sustentabilidade em Meio Ambiente e Atividades Urbanas (Sesmaur). Para solicitar este tipo de servi\u00e7o em via p\u00fablica, entre em contato com o Gabinete de A\u00e7\u00e3o e Di\u00e1logo Comunit\u00e1rio, atrav\u00e9s do telefone (32) 3690-7241 (liga\u00e7\u00e3o ou WhatsApp).<\/p>\n<p>Caso tenha alguma d\u00favida, a Sesmaur elaborou um guia simplificado que pode ser consultado<a href=\"https:\/\/www.pjf.mg.gov.br\/secretarias\/sesmaur\/meio_ambiente\/podar-cortar-ou-plantar.pdf\">\u00a0<strong>aqui<\/strong>.<\/a><\/p>\n","protected":false},"excerpt":{"rendered":"<p>Segundo informa\u00e7\u00f5es do site da Prefeitura de Juiz de Fora (PJF), para reduzir os riscos de incidentes envolvendo a queda de \u00e1rvores e galhos, a Prefeitura de Juiz de Fora (PJF) intensificou as a\u00e7\u00f5es de podas preventivas no munic\u00edpio. Somente nos primeiros tr\u00eas dias do ano, j\u00e1 foram realizadas cerca de 23 podas em diversas [&hellip;]<\/p>\n","protected":false},"author":246,"featured_media":208731,"comment_status":"closed","ping_status":"closed","sticky":false,"template":"","format":"standard","meta":{"footnotes":""},"categories":[253,436,439],"tags":[],"class_list":["post-208730","post","type-post","status-publish","format-standard","has-post-thumbnail","hentry","category-cidade","category-destaque-da-semana","category-ultima-hora"],"_links":{"self":[{"href":"https:\/\/diarioregionaldigital.com.br\/index.php?rest_route=\/wp\/v2\/posts\/208730","targetHints":{"allow":["GET"]}}],"collection":[{"href":"https:\/\/diarioregionaldigital.com.br\/index.php?rest_route=\/wp\/v2\/posts"}],"about":[{"href":"https:\/\/diarioregionaldigital.com.br\/index.php?rest_route=\/wp\/v2\/types\/post"}],"author":[{"embeddable":true,"href":"https:\/\/diarioregionaldigital.com.br\/index.php?rest_route=\/wp\/v2\/users\/246"}],"replies":[{"embeddable":true,"href":"https:\/\/diarioregionaldigital.com.br\/index.php?rest_route=%2Fwp%2Fv2%2Fcomments&post=208730"}],"version-history":[{"count":1,"href":"https:\/\/diarioregionaldigital.com.br\/index.php?rest_route=\/wp\/v2\/posts\/208730\/revisions"}],"predecessor-version":[{"id":208732,"href":"https:\/\/diarioregionaldigital.com.br\/index.php?rest_route=\/wp\/v2\/posts\/208730\/revisions\/208732"}],"wp:featuredmedia":[{"embeddable":true,"href":"https:\/\/diarioregionaldigital.com.br\/index.php?rest_route=\/wp\/v2\/media\/208731"}],"wp:attachment":[{"href":"https:\/\/diarioregionaldigital.com.br\/index.php?rest_route=%2Fwp%2Fv2%2Fmedia&parent=208730"}],"wp:term":[{"taxonomy":"category","embeddable":true,"href":"https:\/\/diarioregionaldigital.com.br\/index.php?rest_route=%2Fwp%2Fv2%2Fcategories&post=208730"},{"taxonomy":"post_tag","embeddable":true,"href":"https:\/\/diarioregionaldigital.com.br\/index.php?rest_route=%2Fwp%2Fv2%2Ftags&post=208730"}],"curies":[{"name":"wp","href":"https:\/\/api.w.org\/{rel}","templated":true}]}}