{"id":208727,"date":"2023-01-05T21:37:34","date_gmt":"2023-01-06T00:37:34","guid":{"rendered":"https:\/\/diarioregionaldigital.com.br\/?p=208727"},"modified":"2023-01-05T21:37:34","modified_gmt":"2023-01-06T00:37:34","slug":"parque-municipal-tem-atracoes-de-ferias-durante-o-mes-de-janeiro","status":"publish","type":"post","link":"https:\/\/diarioregionaldigital.com.br\/?p=208727","title":{"rendered":"Parque Municipal tem atra\u00e7\u00f5es de f\u00e9rias durante o m\u00eas de janeiro"},"content":{"rendered":"<p>Segundo informa\u00e7\u00f5es do site da Prefeitura de Juiz de Fora (PJF), as f\u00e9rias de janeiro j\u00e1 tem data, lugar e programa\u00e7\u00e3o imperd\u00edvel para os visitantes do Parque Municipal. Entre os dias 11 e 27 deste m\u00eas, a Prefeitura de Juiz de Fora (PJF) traz diversas atividades abertas e gratuitas para a popula\u00e7\u00e3o. Com o recesso escolar, as crian\u00e7as ter\u00e3o a oportunidade de passarem manh\u00e3s e tardes no parque, com diversas atividades atrav\u00e9s da col\u00f4nia de f\u00e9rias. Haver\u00e1 tamb\u00e9m programa\u00e7\u00e3o para os adultos, com visitas guiadas e aul\u00f5es de hidrogin\u00e1stica.<\/p>\n<p>A Col\u00f4nia de F\u00e9rias no Parque Municipal ser\u00e1 dividida em duas turmas, com idades diferentes. Para as crian\u00e7as de 5 a 8 anos acontecer\u00e1 de 17 a 20 de Janeiro, das 8h \u00e0s 12h e com inscri\u00e7\u00f5es de 10 a 13 de Janeiro. J\u00e1 para a faixa et\u00e1ria de 9 a 11 anos, a col\u00f4nia ser\u00e1 de 24 a 27 de Janeiro, no per\u00edodo da tarde, das 13h \u00e0s 17h e com inscri\u00e7\u00f5es de 17 a 20 de Janeiro. Ser\u00e3o 20 vagas para cada turma, com inscri\u00e7\u00f5es pelo telefone (32) 3241-6532. Entre as atividades programadas est\u00e3o Ca\u00e7a ao Tesouro, Colorindo Patrim\u00f4nios, Arte com Argila, al\u00e9m de brincadeiras em grupo e atividades na piscina.<\/p>\n<p>Tamb\u00e9m haver\u00e1 atividades para os adultos com aul\u00f5es de hidrogin\u00e1stica \u00e0s quartas-feiras de manh\u00e3. As aulas s\u00e3o gratuitas, abertas ao p\u00fablico e sem necessidade de inscri\u00e7\u00e3o, acontecendo nos dias 11, 18 e 25 de janeiro, \u00e0s 9h. \u00c9 necess\u00e1rio estar, obrigatoriamente, com traje de banho e a carteirinha de acesso \u00e0 piscina. A carteirinha \u00e9 feita na recep\u00e7\u00e3o do Parque Municipal, levando um documento de identidade e foto 3&#215;4 e fica pronta na hora. O hor\u00e1rio de atendimento \u00e9 das 8h \u00e0s 12h e das 13h \u00e0s 16h.<\/p>\n<p>As Visitas Guiadas, um sucesso do Parque Municipal durante o ano de 2022, tamb\u00e9m estar\u00e3o presentes e passam a acontecer diariamente, sem necessidade de agendamento, entre os dias 17 e 27 de janeiro. De ter\u00e7a a domingo, as visitas acontecem \u00e0s 15h, j\u00e1 aos finais de semana, em dois hor\u00e1rios, \u00e0s 10h e \u00e0s 15h. O encontro do p\u00fablico acontece na Pra\u00e7a Central, ao lado da cantina.<\/p>\n<p><strong>Programa\u00e7\u00e3o \u201cF\u00e9rias no Parque Municipal\u201d<\/strong><br \/>\n&#8211;\u00a0<strong>Todos os dias<\/strong>\u00a0&#8211; Visitas Guiadas ao Bosque<\/p>\n<p>(De ter\u00e7a a sexta, \u00e0s 15h; Aos finais de semana, \u00e0s 10h e 15h)<br \/>\n&#8211;\u00a0<strong>10\/01, 8h<\/strong>\u00a0&#8211; Abertura das inscri\u00e7\u00f5es para a Col\u00f4nia de F\u00e9rias do Parque Municipal para crian\u00e7as de 5 a 8 anos<\/p>\n<p>&nbsp;<\/p>\n<p>&#8211;\u00a0<strong>11\/01, 9h<\/strong>\u00a0&#8211; 1\u00ba Aul\u00e3o de Hidrogin\u00e1stica<\/p>\n<p>&nbsp;<\/p>\n<p>&#8211;\u00a0<strong>13\/01, 17h<\/strong>\u00a0&#8211; Encerramento das inscri\u00e7\u00f5es para a Col\u00f4nia de F\u00e9rias do Parque Municipal para crian\u00e7as de 5 a 8 anos<\/p>\n<p>&nbsp;<\/p>\n<p>&#8211;\u00a0<strong>17\/01, 8h<\/strong>\u00a0&#8211; In\u00edcio da Col\u00f4nia de F\u00e9rias do Parque Municipal para crian\u00e7as de 5 a 8 anos<\/p>\n<p>&nbsp;<\/p>\n<p>&#8211;\u00a0<strong>17\/01, 8h<\/strong>\u00a0&#8211; Abertura das inscri\u00e7\u00f5es para a Col\u00f4nia de F\u00e9rias do Parque Municipal para crian\u00e7as de 9 a 11 anos<\/p>\n<p>&nbsp;<\/p>\n<p>&#8211;\u00a0<strong>18\/01, 9h\u00a0<\/strong>&#8211; 2\u00ba Aul\u00e3o de Hidrogin\u00e1stica<\/p>\n<p>&nbsp;<\/p>\n<p>&#8211;\u00a0<strong>20\/01, 17h<\/strong>\u00a0&#8211;\u00a0 Encerramento das inscri\u00e7\u00f5es para a Col\u00f4nia de F\u00e9rias do Parque Municipal para crian\u00e7as de 9 a 11 anos<\/p>\n<p>&nbsp;<\/p>\n<p>&#8211;\u00a0<strong>24\/01, 13h<\/strong>\u00a0&#8211; In\u00edcio da Col\u00f4nia de F\u00e9rias do Parque Municipal para crian\u00e7as de 9 a 11 anos<\/p>\n<p>&nbsp;<\/p>\n<p>&#8211;\u00a0<strong>25\/01, 9h<\/strong>\u00a0&#8211; 3\u00ba Aul\u00e3o de Hidrogin\u00e1stica<\/p>\n<p>Al\u00e9m das atividades, o Parque Municipal funcionar\u00e1 normalmente para atender a popula\u00e7\u00e3o, que tamb\u00e9m est\u00e1 convidada a usufruir de toda estrutura que o local oferece, com campos de futebol, parquinho, churrasqueiras, quadras poliesportivas, al\u00e9m de lugares para aprecia\u00e7\u00e3o das \u00e1reas verdes e lagos do parque. O Complexo Aqu\u00e1tico tamb\u00e9m est\u00e1 liberado, mediante a apresenta\u00e7\u00e3o da carteirinha de acesso.<\/p>\n<p>O Parque Municipal est\u00e1 localizado na Rua do Contorno, 8, no bairro Nova Calif\u00f3rnia, e funciona das 8h \u00e0s 17h, permitindo a entrada de visitantes at\u00e9 \u00e0s 16h. Para quem precisa do transporte p\u00fablico, as linhas que atendem o Parque s\u00e3o 520 (Aeroporto), 531 (Nova Calif\u00f3rnia) e 537 (Jardim da Serra), todos descritos no letreiro com \u201cVia Parque Municipal\u201d.<\/p>\n<p><strong>Outras informa\u00e7\u00f5es:<\/strong><\/p>\n<p>(32) 3241-6532<\/p>\n<p>Instagram: @parquemunicipaljf<\/p>\n","protected":false},"excerpt":{"rendered":"<p>Segundo informa\u00e7\u00f5es do site da Prefeitura de Juiz de Fora (PJF), as f\u00e9rias de janeiro j\u00e1 tem data, lugar e programa\u00e7\u00e3o imperd\u00edvel para os visitantes do Parque Municipal. Entre os dias 11 e 27 deste m\u00eas, a Prefeitura de Juiz de Fora (PJF) traz diversas atividades abertas e gratuitas para a popula\u00e7\u00e3o. Com o recesso [&hellip;]<\/p>\n","protected":false},"author":246,"featured_media":208728,"comment_status":"closed","ping_status":"closed","sticky":false,"template":"","format":"standard","meta":{"footnotes":""},"categories":[253,436,439],"tags":[],"class_list":["post-208727","post","type-post","status-publish","format-standard","has-post-thumbnail","hentry","category-cidade","category-destaque-da-semana","category-ultima-hora"],"_links":{"self":[{"href":"https:\/\/diarioregionaldigital.com.br\/index.php?rest_route=\/wp\/v2\/posts\/208727","targetHints":{"allow":["GET"]}}],"collection":[{"href":"https:\/\/diarioregionaldigital.com.br\/index.php?rest_route=\/wp\/v2\/posts"}],"about":[{"href":"https:\/\/diarioregionaldigital.com.br\/index.php?rest_route=\/wp\/v2\/types\/post"}],"author":[{"embeddable":true,"href":"https:\/\/diarioregionaldigital.com.br\/index.php?rest_route=\/wp\/v2\/users\/246"}],"replies":[{"embeddable":true,"href":"https:\/\/diarioregionaldigital.com.br\/index.php?rest_route=%2Fwp%2Fv2%2Fcomments&post=208727"}],"version-history":[{"count":1,"href":"https:\/\/diarioregionaldigital.com.br\/index.php?rest_route=\/wp\/v2\/posts\/208727\/revisions"}],"predecessor-version":[{"id":208729,"href":"https:\/\/diarioregionaldigital.com.br\/index.php?rest_route=\/wp\/v2\/posts\/208727\/revisions\/208729"}],"wp:featuredmedia":[{"embeddable":true,"href":"https:\/\/diarioregionaldigital.com.br\/index.php?rest_route=\/wp\/v2\/media\/208728"}],"wp:attachment":[{"href":"https:\/\/diarioregionaldigital.com.br\/index.php?rest_route=%2Fwp%2Fv2%2Fmedia&parent=208727"}],"wp:term":[{"taxonomy":"category","embeddable":true,"href":"https:\/\/diarioregionaldigital.com.br\/index.php?rest_route=%2Fwp%2Fv2%2Fcategories&post=208727"},{"taxonomy":"post_tag","embeddable":true,"href":"https:\/\/diarioregionaldigital.com.br\/index.php?rest_route=%2Fwp%2Fv2%2Ftags&post=208727"}],"curies":[{"name":"wp","href":"https:\/\/api.w.org\/{rel}","templated":true}]}}